{"id":364816,"date":"2018-11-08T00:56:31","date_gmt":"2018-11-08T06:56:31","guid":{"rendered":"http:\/\/diarioavancetabasco.com\/?p=364816"},"modified":"2018-11-08T00:56:33","modified_gmt":"2018-11-08T06:56:33","slug":"tachan-a-el-potrillo-de-drogadicto","status":"publish","type":"post","link":"https:\/\/diarioavancetabasco.com\/?p=364816","title":{"rendered":"Tachan a \u201cEl potrillo\u201d de drogadicto"},"content":{"rendered":"<p><!--\np.p1 {margin: 0.0px 0.0px 0.0px 0.0px; text-align: justify; line-height: 10.0px; font: 52.0px Whitman}\np.p2 {margin: 0.0px 0.0px 0.0px 0.0px; text-align: justify; line-height: 10.0px; font: 10.0px Whitman}\np.p3 {margin: 0.0px 0.0px 0.0px 0.0px; text-align: justify; text-indent: 6.0px; line-height: 10.0px; font: 10.0px Whitman}\nspan.s1 {letter-spacing: -0.1px}\n-->Hace unas semanas, Alejandro Fern\u00e1ndez levant\u00f3 sospechas de posible uso de sustancias t\u00f3xicas durante un concierto en la ciudad de Mexicali.<\/p>\n<p>Sin embargo, hace unos d\u00edas, \u201cEl Potrillo\u201d estall\u00f3 en contra de quienes lo acusaron de drogadicto en el palenque de las Fiestas de Octubre de Guadalajara, pues debido a esta informaci\u00f3n una de sus hijas se preocup\u00f3.<\/p>\n<p>Por ello que el cantante, pidi\u00f3 a los medios que antes de difundir informaci\u00f3n deb\u00edan \u201cSer conscientes\u201d sobre su veracidad.<\/p>\n<p>Es por este motivo que famosos se sumaron al hashtag #SerConscientes que marc\u00f3 tendencia en redes. Entre ellos Jos\u00e9 Manuel Figueroa, que envi\u00f3 su apoyo a \u201cEl Potrillo\u201d a trav\u00e9s de un video en su cuenta de Instagram.<\/p>\n","protected":false},"excerpt":{"rendered":"<p>Hace unas semanas, Alejandro Fern\u00e1ndez levant\u00f3 sospechas de posible uso de sustancias t\u00f3xicas durante un concierto en la ciudad de Mexicali. Sin embargo, hace unos d\u00edas, \u201cEl Potrillo\u201d estall\u00f3 en contra de quienes lo acusaron de drogadicto en el palenque de las Fiestas de Octubre de Guadalajara, pues debido a esta informaci\u00f3n una de sus [&hellip;]<\/p>\n","protected":false},"author":2,"featured_media":364793,"comment_status":"closed","ping_status":"closed","sticky":false,"template":"","format":"standard","meta":{"footnotes":""},"categories":[11],"tags":[],"class_list":["post-364816","post","type-post","status-publish","format-standard","has-post-thumbnail","hentry","category-espectaculos"],"_links":{"self":[{"href":"https:\/\/diarioavancetabasco.com\/index.php?rest_route=\/wp\/v2\/posts\/364816","targetHints":{"allow":["GET"]}}],"collection":[{"href":"https:\/\/diarioavancetabasco.com\/index.php?rest_route=\/wp\/v2\/posts"}],"about":[{"href":"https:\/\/diarioavancetabasco.com\/index.php?rest_route=\/wp\/v2\/types\/post"}],"author":[{"embeddable":true,"href":"https:\/\/diarioavancetabasco.com\/index.php?rest_route=\/wp\/v2\/users\/2"}],"replies":[{"embeddable":true,"href":"https:\/\/diarioavancetabasco.com\/index.php?rest_route=%2Fwp%2Fv2%2Fcomments&post=364816"}],"version-history":[{"count":2,"href":"https:\/\/diarioavancetabasco.com\/index.php?rest_route=\/wp\/v2\/posts\/364816\/revisions"}],"predecessor-version":[{"id":364859,"href":"https:\/\/diarioavancetabasco.com\/index.php?rest_route=\/wp\/v2\/posts\/364816\/revisions\/364859"}],"wp:featuredmedia":[{"embeddable":true,"href":"https:\/\/diarioavancetabasco.com\/index.php?rest_route=\/wp\/v2\/media\/364793"}],"wp:attachment":[{"href":"https:\/\/diarioavancetabasco.com\/index.php?rest_route=%2Fwp%2Fv2%2Fmedia&parent=364816"}],"wp:term":[{"taxonomy":"category","embeddable":true,"href":"https:\/\/diarioavancetabasco.com\/index.php?rest_route=%2Fwp%2Fv2%2Fcategories&post=364816"},{"taxonomy":"post_tag","embeddable":true,"href":"https:\/\/diarioavancetabasco.com\/index.php?rest_route=%2Fwp%2Fv2%2Ftags&post=364816"}],"curies":[{"name":"wp","href":"https:\/\/api.w.org\/{rel}","templated":true}]}}