{"id":364818,"date":"2018-11-08T00:58:11","date_gmt":"2018-11-08T06:58:11","guid":{"rendered":"http:\/\/diarioavancetabasco.com\/?p=364818"},"modified":"2018-11-08T00:58:12","modified_gmt":"2018-11-08T06:58:12","slug":"vinculan-a-proceso-al-presunto-multihomicida","status":"publish","type":"post","link":"https:\/\/diarioavancetabasco.com\/?p=364818","title":{"rendered":"Vinculan a proceso al presunto multihomicida"},"content":{"rendered":"<p><!--\np.p1 {margin: 0.0px 0.0px 0.0px 0.0px; text-align: justify; line-height: 10.0px; font: 52.0px Whitman}\np.p2 {margin: 0.0px 0.0px 0.0px 0.0px; text-align: justify; line-height: 10.0px; font: 10.0px Whitman}\np.p3 {margin: 0.0px 0.0px 0.0px 0.0px; text-align: justify; text-indent: 6.0px; line-height: 10.0px; font: 10.0px Whitman}\nspan.s1 {letter-spacing: -0.1px}\n-->En rueda de prensa el Fiscal\u00a0 General\u00a0 en el Estado, Fernando Valenzuela Pernas, inform\u00f3 que ya\u00a0 fue vinculado\u00a0 a proceso de Fernando \u201cN\u201d por el delito de feminicidio y homicidio, luego de los hechos ocurridos el pasado 31 de octubre en la colonia Casa Blanca.<\/p>\n<p>Y es que Valenzuela Pernas, explic\u00f3 que en la audiencia celebrada la ma\u00f1ana de ayer la autoridad judicial determin\u00f3 como feminicidio la muerte de la ex pareja del imputado, en tanto que re clasific\u00f3 como homicidio las de las otras dos v\u00edctimas.<\/p>\n<p>Por ello seguro que la Fiscal\u00eda trabaja en la apelaci\u00f3n para que los tres eventos sean investigados como feminicidio al considerarse que se encuentran dentro de la hip\u00f3tesis del art\u00edculo 115 bis del C\u00f3digo Penal para el Estado de Tabasco, tal y como se acredit\u00f3 en las pruebas presentadas.<\/p>\n<p>Coment\u00f3 que se cuenta con un plazo de tres meses para el cierre de investigaciones, quedando el imputado en prisi\u00f3n preventiva.<\/p>\n<p>Esta FGE continuar\u00e1 trabajando para que mediante los cauces legales conducentes se resuelva la situaci\u00f3n jur\u00eddica del acusado y se aplique la justicia.<\/p>\n","protected":false},"excerpt":{"rendered":"<p>En rueda de prensa el Fiscal\u00a0 General\u00a0 en el Estado, Fernando Valenzuela Pernas, inform\u00f3 que ya\u00a0 fue vinculado\u00a0 a proceso de Fernando \u201cN\u201d por el delito de feminicidio y homicidio, luego de los hechos ocurridos el pasado 31 de octubre en la colonia Casa Blanca. Y es que Valenzuela Pernas, explic\u00f3 que en la audiencia [&hellip;]<\/p>\n","protected":false},"author":2,"featured_media":364790,"comment_status":"closed","ping_status":"closed","sticky":false,"template":"","format":"standard","meta":{"footnotes":""},"categories":[19],"tags":[],"class_list":["post-364818","post","type-post","status-publish","format-standard","has-post-thumbnail","hentry","category-de-ultima-hora"],"_links":{"self":[{"href":"https:\/\/diarioavancetabasco.com\/index.php?rest_route=\/wp\/v2\/posts\/364818","targetHints":{"allow":["GET"]}}],"collection":[{"href":"https:\/\/diarioavancetabasco.com\/index.php?rest_route=\/wp\/v2\/posts"}],"about":[{"href":"https:\/\/diarioavancetabasco.com\/index.php?rest_route=\/wp\/v2\/types\/post"}],"author":[{"embeddable":true,"href":"https:\/\/diarioavancetabasco.com\/index.php?rest_route=\/wp\/v2\/users\/2"}],"replies":[{"embeddable":true,"href":"https:\/\/diarioavancetabasco.com\/index.php?rest_route=%2Fwp%2Fv2%2Fcomments&post=364818"}],"version-history":[{"count":2,"href":"https:\/\/diarioavancetabasco.com\/index.php?rest_route=\/wp\/v2\/posts\/364818\/revisions"}],"predecessor-version":[{"id":364860,"href":"https:\/\/diarioavancetabasco.com\/index.php?rest_route=\/wp\/v2\/posts\/364818\/revisions\/364860"}],"wp:featuredmedia":[{"embeddable":true,"href":"https:\/\/diarioavancetabasco.com\/index.php?rest_route=\/wp\/v2\/media\/364790"}],"wp:attachment":[{"href":"https:\/\/diarioavancetabasco.com\/index.php?rest_route=%2Fwp%2Fv2%2Fmedia&parent=364818"}],"wp:term":[{"taxonomy":"category","embeddable":true,"href":"https:\/\/diarioavancetabasco.com\/index.php?rest_route=%2Fwp%2Fv2%2Fcategories&post=364818"},{"taxonomy":"post_tag","embeddable":true,"href":"https:\/\/diarioavancetabasco.com\/index.php?rest_route=%2Fwp%2Fv2%2Ftags&post=364818"}],"curies":[{"name":"wp","href":"https:\/\/api.w.org\/{rel}","templated":true}]}}