{"id":364822,"date":"2018-11-08T00:59:25","date_gmt":"2018-11-08T06:59:25","guid":{"rendered":"http:\/\/diarioavancetabasco.com\/?p=364822"},"modified":"2018-11-08T00:59:27","modified_gmt":"2018-11-08T06:59:27","slug":"empresarios-se-actualizan-en-materia-administrativa","status":"publish","type":"post","link":"https:\/\/diarioavancetabasco.com\/?p=364822","title":{"rendered":"Empresarios se actualizan en materia administrativa"},"content":{"rendered":"<p><!--\np.p1 {margin: 0.0px 0.0px 0.0px 0.0px; text-align: justify; line-height: 10.0px; font: 52.0px Whitman}\np.p2 {margin: 0.0px 0.0px 0.0px 0.0px; text-align: justify; line-height: 10.0px; font: 10.0px Whitman}\np.p3 {margin: 0.0px 0.0px 0.0px 0.0px; text-align: justify; text-indent: 6.0px; line-height: 10.0px; font: 10.0px Whitman}\n-->TENOSIQUE, TAB.- El alcalde Ra\u00fal Gustavo Guti\u00e9rrez Cort\u00e9s, ha gestionando, foros para llevar a cabo, la capacitaci\u00f3n a las y\u00a0 los empresarios tenosiquenses con vistas al futuro venidero con el tren Maya.<\/p>\n<p>Atreves de la Direcci\u00f3n de Fomento Econ\u00f3mico a cargo de Carlos Gustavo Rosado Macossay, convoc\u00f3 a los grupos empresariales de esta regi\u00f3n para recibir la informaci\u00f3n de especialistas en\u00a0 materia administrativa\u00a0 econ\u00f3mica y contable, desde la formaci\u00f3n de negocios, el proceso en la b\u00fasqueda de fondos de inversi\u00f3n federal, as\u00ed como la verificaci\u00f3n de la situaci\u00f3n fiscal de las peque\u00f1as y medianas empresas del municipio.<\/p>\n<p>En las instalaciones del Centro Cultural y Digital, las y los hombres de negocios de este municipio, escucharon con atenci\u00f3n y despejaron dudas en la expositora Viridiana S\u00e1nchez Master en finanzas, exponiendo con sencillez el papel de la constancia en la situaci\u00f3n fiscal de la empresa, por medio del comprobante fiel emitido por el SAT, asistieron igual en la exposici\u00f3n de hechos la mercadologa\u00a0 Dolores Torres y Jorge Arturo Abreu.<\/p>\n<p>En representaci\u00f3n de la comuna Carlos Gustavo Rosado Macossay, titular de Fomento Econ\u00f3mico y Turismo, agradeci\u00f3 a nombre del presidente municipal, Ra\u00fal Gustavo Guti\u00e9rrez Cort\u00e9s, la asistencia de cada uno de los entusiastas participantes empresariales y destac\u00f3 la importancia de estos foros capacitadores, tomando en cuenta la producidas de un gran desarrollo sustentable que dar\u00e1 comienzo a partir de la Cuarta Transformaci\u00f3n Nacional y donde Tenosique es punta de lanza, sobre todo, con la llegada del Tren Maya.<\/p>\n","protected":false},"excerpt":{"rendered":"<p>TENOSIQUE, TAB.- El alcalde Ra\u00fal Gustavo Guti\u00e9rrez Cort\u00e9s, ha gestionando, foros para llevar a cabo, la capacitaci\u00f3n a las y\u00a0 los empresarios tenosiquenses con vistas al futuro venidero con el tren Maya. Atreves de la Direcci\u00f3n de Fomento Econ\u00f3mico a cargo de Carlos Gustavo Rosado Macossay, convoc\u00f3 a los grupos empresariales de esta regi\u00f3n para [&hellip;]<\/p>\n","protected":false},"author":2,"featured_media":364788,"comment_status":"closed","ping_status":"closed","sticky":false,"template":"","format":"standard","meta":{"footnotes":""},"categories":[12],"tags":[],"class_list":["post-364822","post","type-post","status-publish","format-standard","has-post-thumbnail","hentry","category-municipios"],"_links":{"self":[{"href":"https:\/\/diarioavancetabasco.com\/index.php?rest_route=\/wp\/v2\/posts\/364822","targetHints":{"allow":["GET"]}}],"collection":[{"href":"https:\/\/diarioavancetabasco.com\/index.php?rest_route=\/wp\/v2\/posts"}],"about":[{"href":"https:\/\/diarioavancetabasco.com\/index.php?rest_route=\/wp\/v2\/types\/post"}],"author":[{"embeddable":true,"href":"https:\/\/diarioavancetabasco.com\/index.php?rest_route=\/wp\/v2\/users\/2"}],"replies":[{"embeddable":true,"href":"https:\/\/diarioavancetabasco.com\/index.php?rest_route=%2Fwp%2Fv2%2Fcomments&post=364822"}],"version-history":[{"count":2,"href":"https:\/\/diarioavancetabasco.com\/index.php?rest_route=\/wp\/v2\/posts\/364822\/revisions"}],"predecessor-version":[{"id":364862,"href":"https:\/\/diarioavancetabasco.com\/index.php?rest_route=\/wp\/v2\/posts\/364822\/revisions\/364862"}],"wp:featuredmedia":[{"embeddable":true,"href":"https:\/\/diarioavancetabasco.com\/index.php?rest_route=\/wp\/v2\/media\/364788"}],"wp:attachment":[{"href":"https:\/\/diarioavancetabasco.com\/index.php?rest_route=%2Fwp%2Fv2%2Fmedia&parent=364822"}],"wp:term":[{"taxonomy":"category","embeddable":true,"href":"https:\/\/diarioavancetabasco.com\/index.php?rest_route=%2Fwp%2Fv2%2Fcategories&post=364822"},{"taxonomy":"post_tag","embeddable":true,"href":"https:\/\/diarioavancetabasco.com\/index.php?rest_route=%2Fwp%2Fv2%2Ftags&post=364822"}],"curies":[{"name":"wp","href":"https:\/\/api.w.org\/{rel}","templated":true}]}}