{"id":364836,"date":"2018-11-08T00:09:31","date_gmt":"2018-11-08T06:09:31","guid":{"rendered":"http:\/\/diarioavancetabasco.com\/?p=364836"},"modified":"2018-11-08T00:09:44","modified_gmt":"2018-11-08T06:09:44","slug":"se-modernizo-el-transporte-en-tabasco","status":"publish","type":"post","link":"https:\/\/diarioavancetabasco.com\/?p=364836","title":{"rendered":"Se moderniz\u00f3  el Transporte  en Tabasco"},"content":{"rendered":"<p><!--\np.p1 {margin: 0.0px 0.0px 0.0px 0.0px; text-align: justify; line-height: 10.0px; font: 52.0px Whitman}\np.p2 {margin: 0.0px 0.0px 0.0px 0.0px; text-align: justify; line-height: 10.0px; font: 10.0px Whitman}\np.p3 {margin: 0.0px 0.0px 0.0px 0.0px; text-align: justify; text-indent: 6.0px; line-height: 10.0px; font: 10.0px Whitman}\nspan.s1 {letter-spacing: -0.2px}\nspan.s2 {letter-spacing: -0.3px}\n-->A pesar de la crisis presupuestal originada por la baja en el precio del petr\u00f3leo, el Gobierno del Estado invirti\u00f3 en este sexenio casi 110 millones de pesos para consolidar el servicio de transporte p\u00fablico en todas sus modalidades, y mejorar las condiciones de movilidad e infraestructura vial para un servicio de calidad para los tabasque\u00f1os.<\/p>\n<p>Al participar en la quinta emisi\u00f3n del programa Tabasco en la Ruta, que transmite Televisi\u00f3n Tabasque\u00f1a y la Comisi\u00f3n de Radio y Televisi\u00f3n (CORAT), el\u00a0 titular de la dependencia, Jos\u00e9 Avram L\u00f3pez C\u00e1mara Zurita, destac\u00f3 que con base en el Plan Estatal de Desarrollo 2013-2018, se actualiz\u00f3 el marco normativo del sistema del transporte, que sent\u00f3 los cimientos para el verdadero cambio en el servicio.<\/p>\n<p>A\u00f1adi\u00f3 que de la nueva Ley de Transportes deriv\u00f3 una de las principales estrategias emprendidas durante el gobierno de Arturo N\u00fa\u00f1ez Jim\u00e9nez: sustituir veh\u00edculos del transporte p\u00fablico de pasajeros, mejor conocido como Programa de Chatarrizaci\u00f3n, que reemplaz\u00f3 708 unidades en las modalidades de autob\u00fas, minib\u00fas, van y motocarro, con una inversi\u00f3n de 68 millones 284 mil 706 pesos. L\u00f3pez C\u00e1mara asegur\u00f3 que en los \u00faltimos seis a\u00f1os se destinaron recursos estatales por 29 millones 966 mil 541 pesos para la realizaci\u00f3n de estudios relativos al transporte, que derivaron en una cartera preliminar de proyectos prefactibles por un monto de 1 mil 277 millones de pesos, que una vez implementados mejorar\u00e1n el sistema integral de transporte p\u00fablico de la zona metropolitana de Villahermosa.<\/p>\n","protected":false},"excerpt":{"rendered":"<p>A pesar de la crisis presupuestal originada por la baja en el precio del petr\u00f3leo, el Gobierno del Estado invirti\u00f3 en este sexenio casi 110 millones de pesos para consolidar el servicio de transporte p\u00fablico en todas sus modalidades, y mejorar las condiciones de movilidad e infraestructura vial para un servicio de calidad para los [&hellip;]<\/p>\n","protected":false},"author":2,"featured_media":364838,"comment_status":"closed","ping_status":"closed","sticky":false,"template":"","format":"standard","meta":{"footnotes":""},"categories":[9],"tags":[],"class_list":["post-364836","post","type-post","status-publish","format-standard","has-post-thumbnail","hentry","category-politica"],"_links":{"self":[{"href":"https:\/\/diarioavancetabasco.com\/index.php?rest_route=\/wp\/v2\/posts\/364836","targetHints":{"allow":["GET"]}}],"collection":[{"href":"https:\/\/diarioavancetabasco.com\/index.php?rest_route=\/wp\/v2\/posts"}],"about":[{"href":"https:\/\/diarioavancetabasco.com\/index.php?rest_route=\/wp\/v2\/types\/post"}],"author":[{"embeddable":true,"href":"https:\/\/diarioavancetabasco.com\/index.php?rest_route=\/wp\/v2\/users\/2"}],"replies":[{"embeddable":true,"href":"https:\/\/diarioavancetabasco.com\/index.php?rest_route=%2Fwp%2Fv2%2Fcomments&post=364836"}],"version-history":[{"count":2,"href":"https:\/\/diarioavancetabasco.com\/index.php?rest_route=\/wp\/v2\/posts\/364836\/revisions"}],"predecessor-version":[{"id":364849,"href":"https:\/\/diarioavancetabasco.com\/index.php?rest_route=\/wp\/v2\/posts\/364836\/revisions\/364849"}],"wp:featuredmedia":[{"embeddable":true,"href":"https:\/\/diarioavancetabasco.com\/index.php?rest_route=\/wp\/v2\/media\/364838"}],"wp:attachment":[{"href":"https:\/\/diarioavancetabasco.com\/index.php?rest_route=%2Fwp%2Fv2%2Fmedia&parent=364836"}],"wp:term":[{"taxonomy":"category","embeddable":true,"href":"https:\/\/diarioavancetabasco.com\/index.php?rest_route=%2Fwp%2Fv2%2Fcategories&post=364836"},{"taxonomy":"post_tag","embeddable":true,"href":"https:\/\/diarioavancetabasco.com\/index.php?rest_route=%2Fwp%2Fv2%2Ftags&post=364836"}],"curies":[{"name":"wp","href":"https:\/\/api.w.org\/{rel}","templated":true}]}}