{"id":364882,"date":"2018-11-08T21:32:12","date_gmt":"2018-11-09T03:32:12","guid":{"rendered":"http:\/\/diarioavancetabasco.com\/?p=364882"},"modified":"2018-11-08T21:32:12","modified_gmt":"2018-11-09T03:32:12","slug":"le-renuncia-el-fiscal-a-trump","status":"publish","type":"post","link":"https:\/\/diarioavancetabasco.com\/?p=364882","title":{"rendered":"Le renuncia el fiscal a Trump"},"content":{"rendered":"<style type=\"text\/css\"><!--\np.p1 {margin: 0.0px 0.0px 0.0px 0.0px; text-align: justify; line-height: 10.0px; font: 52.0px Whitman}\np.p2 {margin: 0.0px 0.0px 0.0px 0.0px; text-align: justify; line-height: 10.0px; font: 10.0px Whitman}\np.p3 {margin: 0.0px 0.0px 0.0px 0.0px; text-align: justify; text-indent: 6.0px; line-height: 10.0px; font: 10.0px Whitman}\nspan.s1 {letter-spacing: -0.3px}\n--><\/style>\n<p>El presidente de Estados Unidos (EU), Donald Trump, anunci\u00f3 la salida del fiscal general del pa\u00eds, Jeff Sessions, quien renunci\u00f3 al cargo a petici\u00f3n del mandatario.<\/p>\n<p>\u201cEstamos encantados de anunciar que Matthew Whitaker, jefe de gabinete del fiscal general Jeff Sessions en el Departamento de Justicia, se convertir\u00e1 en el fiscal general en funciones de Estados Unidos\u201d, anunci\u00f3 Trump.<\/p>\n<p>El hasta ahora m\u00e1ximo responsable de Justicia de EU, comunic\u00f3 su dimisi\u00f3n en una carta enviada al presidente en la que no se precisa la fecha de separaci\u00f3n.<\/p>\n<p>\u201cA su petici\u00f3n, le env\u00edo mi renuncia\u201d, asegur\u00f3 Sessions en la misiva, en la que no hizo ninguna cr\u00edtica al mandatario y se limit\u00f3 a agradecer el trabajo realizado al personal del departamento que dirig\u00eda.<\/p>\n<p>La situaci\u00f3n entre Trump y Sessions siempre fue tensa, con altibajos desde hace m\u00e1s de un a\u00f1o, como consecuencia de la decisi\u00f3n del fiscal general de separarse de la investigaci\u00f3n de la trama rusa por sus contactos con Mosc\u00fa.<\/p>\n","protected":false},"excerpt":{"rendered":"<p>El presidente de Estados Unidos (EU), Donald Trump, anunci\u00f3 la salida del fiscal general del pa\u00eds, Jeff Sessions, quien renunci\u00f3 al cargo a petici\u00f3n del mandatario. \u201cEstamos encantados de anunciar que Matthew Whitaker, jefe de gabinete del fiscal general Jeff Sessions en el Departamento de Justicia, se convertir\u00e1 en el fiscal general en funciones de [&hellip;]<\/p>\n","protected":false},"author":2,"featured_media":364876,"comment_status":"closed","ping_status":"closed","sticky":false,"template":"","format":"standard","meta":{"footnotes":""},"categories":[4],"tags":[],"class_list":["post-364882","post","type-post","status-publish","format-standard","has-post-thumbnail","hentry","category-mundo"],"_links":{"self":[{"href":"https:\/\/diarioavancetabasco.com\/index.php?rest_route=\/wp\/v2\/posts\/364882","targetHints":{"allow":["GET"]}}],"collection":[{"href":"https:\/\/diarioavancetabasco.com\/index.php?rest_route=\/wp\/v2\/posts"}],"about":[{"href":"https:\/\/diarioavancetabasco.com\/index.php?rest_route=\/wp\/v2\/types\/post"}],"author":[{"embeddable":true,"href":"https:\/\/diarioavancetabasco.com\/index.php?rest_route=\/wp\/v2\/users\/2"}],"replies":[{"embeddable":true,"href":"https:\/\/diarioavancetabasco.com\/index.php?rest_route=%2Fwp%2Fv2%2Fcomments&post=364882"}],"version-history":[{"count":1,"href":"https:\/\/diarioavancetabasco.com\/index.php?rest_route=\/wp\/v2\/posts\/364882\/revisions"}],"predecessor-version":[{"id":364885,"href":"https:\/\/diarioavancetabasco.com\/index.php?rest_route=\/wp\/v2\/posts\/364882\/revisions\/364885"}],"wp:featuredmedia":[{"embeddable":true,"href":"https:\/\/diarioavancetabasco.com\/index.php?rest_route=\/wp\/v2\/media\/364876"}],"wp:attachment":[{"href":"https:\/\/diarioavancetabasco.com\/index.php?rest_route=%2Fwp%2Fv2%2Fmedia&parent=364882"}],"wp:term":[{"taxonomy":"category","embeddable":true,"href":"https:\/\/diarioavancetabasco.com\/index.php?rest_route=%2Fwp%2Fv2%2Fcategories&post=364882"},{"taxonomy":"post_tag","embeddable":true,"href":"https:\/\/diarioavancetabasco.com\/index.php?rest_route=%2Fwp%2Fv2%2Ftags&post=364882"}],"curies":[{"name":"wp","href":"https:\/\/api.w.org\/{rel}","templated":true}]}}