{"id":364898,"date":"2018-11-09T00:38:14","date_gmt":"2018-11-09T06:38:14","guid":{"rendered":"http:\/\/diarioavancetabasco.com\/?p=364898"},"modified":"2018-11-09T00:38:15","modified_gmt":"2018-11-09T06:38:15","slug":"aborto-cuando-lo-amerite","status":"publish","type":"post","link":"https:\/\/diarioavancetabasco.com\/?p=364898","title":{"rendered":"\u201cAborto, cuando lo amerite\u201d"},"content":{"rendered":"<p><!--\np.p1 {margin: 0.0px 0.0px 0.0px 0.0px; text-align: justify; line-height: 10.0px; font: 10.0px Whitman}\np.p2 {margin: 0.0px 0.0px 0.0px 0.0px; text-align: justify; text-indent: 6.0px; line-height: 10.0px; font: 10.0px Whitman}\nspan.s1 {letter-spacing: -0.4px}\n-->Como m\u00e9dico tengo una opini\u00f3n personal, pero como ciudadano tengo otra, expres\u00f3 el diputado local de Morena, Ariel Cetina Bertruy, al ser cuestionado sobre la despenalizaci\u00f3n del aborto que su propio partido, en el Congreso de la Uni\u00f3n, est\u00e1 impulsando.<\/p>\n<p>Indic\u00f3 que esta a favor del aborto cuando la situaci\u00f3n lo amerita y no por libertinaje.<\/p>\n<p>\u201cPor ejemplo, en una violaci\u00f3n, o cuando hay peligro, o cuando el producto viene con deformaci\u00f3n. Solo as\u00ed estoy de acuerdo, porque no se va atraer al mundo a un ser a sufrir\u201d, se\u00f1al\u00f3.<\/p>\n<p>Reconoci\u00f3 que se trata de un tema pol\u00e9mico y que por ende se debe de tocar con mucho cuidado.<\/p>\n","protected":false},"excerpt":{"rendered":"<p>Como m\u00e9dico tengo una opini\u00f3n personal, pero como ciudadano tengo otra, expres\u00f3 el diputado local de Morena, Ariel Cetina Bertruy, al ser cuestionado sobre la despenalizaci\u00f3n del aborto que su propio partido, en el Congreso de la Uni\u00f3n, est\u00e1 impulsando. Indic\u00f3 que esta a favor del aborto cuando la situaci\u00f3n lo amerita y no por [&hellip;]<\/p>\n","protected":false},"author":2,"featured_media":364884,"comment_status":"closed","ping_status":"closed","sticky":false,"template":"","format":"standard","meta":{"footnotes":""},"categories":[9],"tags":[],"class_list":["post-364898","post","type-post","status-publish","format-standard","has-post-thumbnail","hentry","category-politica"],"_links":{"self":[{"href":"https:\/\/diarioavancetabasco.com\/index.php?rest_route=\/wp\/v2\/posts\/364898","targetHints":{"allow":["GET"]}}],"collection":[{"href":"https:\/\/diarioavancetabasco.com\/index.php?rest_route=\/wp\/v2\/posts"}],"about":[{"href":"https:\/\/diarioavancetabasco.com\/index.php?rest_route=\/wp\/v2\/types\/post"}],"author":[{"embeddable":true,"href":"https:\/\/diarioavancetabasco.com\/index.php?rest_route=\/wp\/v2\/users\/2"}],"replies":[{"embeddable":true,"href":"https:\/\/diarioavancetabasco.com\/index.php?rest_route=%2Fwp%2Fv2%2Fcomments&post=364898"}],"version-history":[{"count":2,"href":"https:\/\/diarioavancetabasco.com\/index.php?rest_route=\/wp\/v2\/posts\/364898\/revisions"}],"predecessor-version":[{"id":364934,"href":"https:\/\/diarioavancetabasco.com\/index.php?rest_route=\/wp\/v2\/posts\/364898\/revisions\/364934"}],"wp:featuredmedia":[{"embeddable":true,"href":"https:\/\/diarioavancetabasco.com\/index.php?rest_route=\/wp\/v2\/media\/364884"}],"wp:attachment":[{"href":"https:\/\/diarioavancetabasco.com\/index.php?rest_route=%2Fwp%2Fv2%2Fmedia&parent=364898"}],"wp:term":[{"taxonomy":"category","embeddable":true,"href":"https:\/\/diarioavancetabasco.com\/index.php?rest_route=%2Fwp%2Fv2%2Fcategories&post=364898"},{"taxonomy":"post_tag","embeddable":true,"href":"https:\/\/diarioavancetabasco.com\/index.php?rest_route=%2Fwp%2Fv2%2Ftags&post=364898"}],"curies":[{"name":"wp","href":"https:\/\/api.w.org\/{rel}","templated":true}]}}