{"id":364917,"date":"2018-11-09T00:58:41","date_gmt":"2018-11-09T06:58:41","guid":{"rendered":"http:\/\/diarioavancetabasco.com\/?p=364917"},"modified":"2018-11-09T00:58:46","modified_gmt":"2018-11-09T06:58:46","slug":"promete-planta-de-agua-en-centro","status":"publish","type":"post","link":"https:\/\/diarioavancetabasco.com\/?p=364917","title":{"rendered":"Promete planta de agua en Centro"},"content":{"rendered":"<p><!--\np.p1 {margin: 0.0px 0.0px 0.0px 0.0px; text-align: justify; line-height: 10.0px; font: 52.0px Whitman}\np.p2 {margin: 0.0px 0.0px 0.0px 0.0px; text-align: justify; line-height: 10.0px; font: 10.0px Whitman}\np.p3 {margin: 0.0px 0.0px 0.0px 0.0px; text-align: justify; text-indent: 6.0px; line-height: 10.0px; font: 10.0px Whitman}\nspan.s1 {letter-spacing: -0.2px}\n-->En su segunda visita a Palacio Municipal, el Gobernador Electo Ad\u00e1n Augusto L\u00f3pez Hern\u00e1ndez recibi\u00f3 de manos del alcalde Evaristo Hern\u00e1ndez Cruz el proyecto para descentralizar el Sistema de Agua y Saneamiento con la integraci\u00f3n de un Consejo de Administraci\u00f3n que tenga total independencia del Ayuntamiento.<\/p>\n<p>En dicho encuentro, el especialista en el manejo y desinfecci\u00f3n del agua para consumo humano Fabi\u00e1n Y\u00e1\u00f1ez Carbajo, explic\u00f3 al Gobernador Electo los detalles del proyecto que busca adem\u00e1s la participaci\u00f3n ciudadana y de la iniciativa privada.<\/p>\n<p>Cabe destacar que L\u00f3pez Hern\u00e1ndez se comprometi\u00f3 a instalar una planta de agua potable nueva de 1,200 litros por segundo \u2013al lado de la planta \u201cCarrizal\u201d- para que dejen de funcionar la \u201cVillahermosa\u201d y las dos de \u201cGaviotas\u201d y de esta forma proveer agua de calidad a los ciudadanos.<\/p>\n<p>Finalmente, Evaristo Hern\u00e1ndez agradeci\u00f3 la absoluta disposici\u00f3n de Ad\u00e1n Augusto L\u00f3pez Hern\u00e1ndez de trabajar en coordinaci\u00f3n con el Ayuntamiento en beneficio de los habitantes de Centro.<\/p>\n","protected":false},"excerpt":{"rendered":"<p>En su segunda visita a Palacio Municipal, el Gobernador Electo Ad\u00e1n Augusto L\u00f3pez Hern\u00e1ndez recibi\u00f3 de manos del alcalde Evaristo Hern\u00e1ndez Cruz el proyecto para descentralizar el Sistema de Agua y Saneamiento con la integraci\u00f3n de un Consejo de Administraci\u00f3n que tenga total independencia del Ayuntamiento. En dicho encuentro, el especialista en el manejo y [&hellip;]<\/p>\n","protected":false},"author":2,"featured_media":364919,"comment_status":"closed","ping_status":"closed","sticky":false,"template":"","format":"standard","meta":{"footnotes":""},"categories":[9],"tags":[],"class_list":["post-364917","post","type-post","status-publish","format-standard","has-post-thumbnail","hentry","category-politica"],"_links":{"self":[{"href":"https:\/\/diarioavancetabasco.com\/index.php?rest_route=\/wp\/v2\/posts\/364917","targetHints":{"allow":["GET"]}}],"collection":[{"href":"https:\/\/diarioavancetabasco.com\/index.php?rest_route=\/wp\/v2\/posts"}],"about":[{"href":"https:\/\/diarioavancetabasco.com\/index.php?rest_route=\/wp\/v2\/types\/post"}],"author":[{"embeddable":true,"href":"https:\/\/diarioavancetabasco.com\/index.php?rest_route=\/wp\/v2\/users\/2"}],"replies":[{"embeddable":true,"href":"https:\/\/diarioavancetabasco.com\/index.php?rest_route=%2Fwp%2Fv2%2Fcomments&post=364917"}],"version-history":[{"count":2,"href":"https:\/\/diarioavancetabasco.com\/index.php?rest_route=\/wp\/v2\/posts\/364917\/revisions"}],"predecessor-version":[{"id":364942,"href":"https:\/\/diarioavancetabasco.com\/index.php?rest_route=\/wp\/v2\/posts\/364917\/revisions\/364942"}],"wp:featuredmedia":[{"embeddable":true,"href":"https:\/\/diarioavancetabasco.com\/index.php?rest_route=\/wp\/v2\/media\/364919"}],"wp:attachment":[{"href":"https:\/\/diarioavancetabasco.com\/index.php?rest_route=%2Fwp%2Fv2%2Fmedia&parent=364917"}],"wp:term":[{"taxonomy":"category","embeddable":true,"href":"https:\/\/diarioavancetabasco.com\/index.php?rest_route=%2Fwp%2Fv2%2Fcategories&post=364917"},{"taxonomy":"post_tag","embeddable":true,"href":"https:\/\/diarioavancetabasco.com\/index.php?rest_route=%2Fwp%2Fv2%2Ftags&post=364917"}],"curies":[{"name":"wp","href":"https:\/\/api.w.org\/{rel}","templated":true}]}}