{"id":364972,"date":"2018-11-10T00:15:51","date_gmt":"2018-11-10T06:15:51","guid":{"rendered":"http:\/\/diarioavancetabasco.com\/?p=364972"},"modified":"2018-11-10T00:15:54","modified_gmt":"2018-11-10T06:15:54","slug":"derbez-anuncia-regreso-a-la-tv","status":"publish","type":"post","link":"https:\/\/diarioavancetabasco.com\/?p=364972","title":{"rendered":"Derbez anuncia regreso a la TV"},"content":{"rendered":"<p><!--\np.p1 {margin: 0.0px 0.0px 0.0px 0.0px; text-align: justify; line-height: 10.0px; font: 10.0px Whitman}\np.p2 {margin: 0.0px 0.0px 0.0px 0.0px; text-align: justify; text-indent: 6.0px; line-height: 10.0px; font: 10.0px Whitman}\nspan.s1 {letter-spacing: -0.1px}\n-->Aunque Eugenio Derbez se ha posicionado como una de las figuras latinas m\u00e1s importantes del mundo del entretenimiento en Estados Unidos, gracias a sus producciones cinematogr\u00e1ficas en Hollywood, el actor decidi\u00f3 regresar a la televisi\u00f3n, tras seis a\u00f1os de ausencia.<\/p>\n<p>\u201cLa \u00faltima vez que hice televisi\u00f3n fue en 2012 y ahora les quiero dar la sorpresa de que regreso a la televisi\u00f3n, pero no a la de siempre. Regreso a hacer televisi\u00f3n que no es televisi\u00f3n\u201d, dijo el actor en un video que p\u00fablico en su cuenta de Instagram.<\/p>\n<p>En una segunda grabaci\u00f3n, el actor y productor advirti\u00f3 que su regreso no ser\u00e1 en una serie, programa ni telenovela, sino se trata de un experimento, que ser\u00e1 muy divertido.<\/p>\n<p>Despu\u00e9s Amazon Prime Video y Derbez confirmaron que se trata de \u201cLOL: Last One Laughing\u201d, la primera serie original de esta plataforma de streaming de contenido multimedia.<\/p>\n","protected":false},"excerpt":{"rendered":"<p>Aunque Eugenio Derbez se ha posicionado como una de las figuras latinas m\u00e1s importantes del mundo del entretenimiento en Estados Unidos, gracias a sus producciones cinematogr\u00e1ficas en Hollywood, el actor decidi\u00f3 regresar a la televisi\u00f3n, tras seis a\u00f1os de ausencia. \u201cLa \u00faltima vez que hice televisi\u00f3n fue en 2012 y ahora les quiero dar la [&hellip;]<\/p>\n","protected":false},"author":2,"featured_media":364956,"comment_status":"closed","ping_status":"closed","sticky":false,"template":"","format":"standard","meta":{"footnotes":""},"categories":[11],"tags":[],"class_list":["post-364972","post","type-post","status-publish","format-standard","has-post-thumbnail","hentry","category-espectaculos"],"_links":{"self":[{"href":"https:\/\/diarioavancetabasco.com\/index.php?rest_route=\/wp\/v2\/posts\/364972","targetHints":{"allow":["GET"]}}],"collection":[{"href":"https:\/\/diarioavancetabasco.com\/index.php?rest_route=\/wp\/v2\/posts"}],"about":[{"href":"https:\/\/diarioavancetabasco.com\/index.php?rest_route=\/wp\/v2\/types\/post"}],"author":[{"embeddable":true,"href":"https:\/\/diarioavancetabasco.com\/index.php?rest_route=\/wp\/v2\/users\/2"}],"replies":[{"embeddable":true,"href":"https:\/\/diarioavancetabasco.com\/index.php?rest_route=%2Fwp%2Fv2%2Fcomments&post=364972"}],"version-history":[{"count":2,"href":"https:\/\/diarioavancetabasco.com\/index.php?rest_route=\/wp\/v2\/posts\/364972\/revisions"}],"predecessor-version":[{"id":365000,"href":"https:\/\/diarioavancetabasco.com\/index.php?rest_route=\/wp\/v2\/posts\/364972\/revisions\/365000"}],"wp:featuredmedia":[{"embeddable":true,"href":"https:\/\/diarioavancetabasco.com\/index.php?rest_route=\/wp\/v2\/media\/364956"}],"wp:attachment":[{"href":"https:\/\/diarioavancetabasco.com\/index.php?rest_route=%2Fwp%2Fv2%2Fmedia&parent=364972"}],"wp:term":[{"taxonomy":"category","embeddable":true,"href":"https:\/\/diarioavancetabasco.com\/index.php?rest_route=%2Fwp%2Fv2%2Fcategories&post=364972"},{"taxonomy":"post_tag","embeddable":true,"href":"https:\/\/diarioavancetabasco.com\/index.php?rest_route=%2Fwp%2Fv2%2Ftags&post=364972"}],"curies":[{"name":"wp","href":"https:\/\/api.w.org\/{rel}","templated":true}]}}