{"id":365098,"date":"2018-11-13T00:20:57","date_gmt":"2018-11-13T06:20:57","guid":{"rendered":"http:\/\/diarioavancetabasco.com\/?p=365098"},"modified":"2018-11-13T00:21:02","modified_gmt":"2018-11-13T06:21:02","slug":"reprueba-mexico-el-epu","status":"publish","type":"post","link":"https:\/\/diarioavancetabasco.com\/?p=365098","title":{"rendered":"Reprueba M\u00e9xico el EPU"},"content":{"rendered":"<p><!--\np.p1 {margin: 0.0px 0.0px 0.0px 0.0px; line-height: 10.0px; font: 52.0px Whitman}\np.p2 {margin: 0.0px 0.0px 0.0px 0.0px; line-height: 10.0px; font: 10.0px Whitman}\nspan.s1 {letter-spacing: -0.4px}\n-->Felipa Nery<\/p>\n<p>Por segunda ocasi\u00f3n, el gobierno de Enrique Pe\u00f1a Nieto fue evaluado por el Examen Peri\u00f3dico Universal de la Organizaci\u00f3n de las Naciones Unidas, en relaci\u00f3n al cumplimiento sobre el respeto a los derechos humanos en M\u00e9xico, la primera evaluaci\u00f3n fue en el a\u00f1o 2013, cuando el gobierno aun iniciaba; en aquel entonces, los pa\u00edses miembros que eval\u00faan, hicieron recomendaciones para superar\u00a0 la violencia contra las mujeres, la atenci\u00f3n a la violencia contra migrantes, mejorar las c\u00e1rceles, redoblar esfuerzos para combatir la corrupci\u00f3n y la impunidad, proteger a defensoras de derechos humanos y a los periodistas, prevenir y sancionar la tortura, adoptar acciones para la investigaci\u00f3n y sanciones por detenciones arbitrarias, las desapariciones forzadas; que los militares y marinos sean juzgados por la v\u00eda civil cuando en su actuaci\u00f3n violen derechos humanos, adoptar sistemas de b\u00fasqueda de las personas desaparecidas, implementar acciones para superar los problemas de desigualdad, entre otras. Nuevamente el pasado 7 de junio M\u00e9xico acudi\u00f3 a Ginebra para presentar su informe en relaci\u00f3n a los avances que ha tenido el pa\u00eds para superar los problemas sobre los que recibi\u00f3 recomendaciones en el 2013, que si bien el gobierno de Pe\u00f1a Nieto a\u00fan estaba iniciando su administraci\u00f3n, no se le pod\u00eda responsabilizar de las graves violaciones a los derechos humanos que las organizaciones de la sociedad civil hab\u00edan reportado ante la ONU y que esta misma instituci\u00f3n hab\u00eda constatado a trav\u00e9s de los Relatores Especiales que envi\u00f3 para conocer de actos de detenciones y encarcelamientos arbitrarios, desapariciones forzadas y torturas entre otros, pero en el reporte que ahora presenta en 2018, el gobierno de Enrique Pe\u00f1a Nieto s\u00ed es responsable de lo que no se hizo, y el resultado fue, que en vez de revertirse los conflictos en materia de violaci\u00f3n a derechos humanos, los problemas se incrementaron, si bien se legisl\u00f3 para combatir la desaparici\u00f3n forzada,\u00a0 hubo falta de presupuesto para realizar la b\u00fasqueda, se legisl\u00f3 para combatir la corrupci\u00f3n, pero el \u00f3rgano nacional y el de la mayor\u00eda de los estados no fueron integrados debidamente para realizar su tarea, o bien no se le asignaron recursos econ\u00f3micos; M\u00e9xico tambi\u00e9n report\u00f3 la creaci\u00f3n de una ley de seguridad interior para regular la actuaci\u00f3n militar, sin embargo, se cuestion\u00f3 su inconstitucionalidad, por lo que est\u00e1 en revisi\u00f3n por la Suprema Corte de Justicia de la Naci\u00f3n, los niveles de pobreza se incrementaron en el pa\u00eds, as\u00ed como\u00a0 la desaparici\u00f3n de personas, que registra al d\u00eda de hoy m\u00e1s de 37 mil personas sin conocerse su paradero, lo mismo que la impunidad en el castigo a los feminicidios, los asesinatos y todo tipo de violencia que prevalece en el pa\u00eds, en especial contra las mujeres. En general, las organizaciones de la sociedad civil que presentaron contra informes y las intervenciones de los estados pares que evaluaron al Estado Mexicano, las coincidencias son en el sentido de que el gobierno actual fue reprobado en su acci\u00f3n de protecci\u00f3n a los derechos humanos, porque no s\u00f3lo no logr\u00f3 revertir los porcentajes de violaciones a derechos humanos del gobierno de Felipe Calder\u00f3n, sino que en esta administraci\u00f3n, aumentaron.<\/p>\n","protected":false},"excerpt":{"rendered":"<p>Felipa Nery Por segunda ocasi\u00f3n, el gobierno de Enrique Pe\u00f1a Nieto fue evaluado por el Examen Peri\u00f3dico Universal de la Organizaci\u00f3n de las Naciones Unidas, en relaci\u00f3n al cumplimiento sobre el respeto a los derechos humanos en M\u00e9xico, la primera evaluaci\u00f3n fue en el a\u00f1o 2013, cuando el gobierno aun iniciaba; en aquel entonces, los [&hellip;]<\/p>\n","protected":false},"author":2,"featured_media":365112,"comment_status":"closed","ping_status":"closed","sticky":false,"template":"","format":"standard","meta":{"footnotes":""},"categories":[9],"tags":[],"class_list":["post-365098","post","type-post","status-publish","format-standard","has-post-thumbnail","hentry","category-politica"],"_links":{"self":[{"href":"https:\/\/diarioavancetabasco.com\/index.php?rest_route=\/wp\/v2\/posts\/365098","targetHints":{"allow":["GET"]}}],"collection":[{"href":"https:\/\/diarioavancetabasco.com\/index.php?rest_route=\/wp\/v2\/posts"}],"about":[{"href":"https:\/\/diarioavancetabasco.com\/index.php?rest_route=\/wp\/v2\/types\/post"}],"author":[{"embeddable":true,"href":"https:\/\/diarioavancetabasco.com\/index.php?rest_route=\/wp\/v2\/users\/2"}],"replies":[{"embeddable":true,"href":"https:\/\/diarioavancetabasco.com\/index.php?rest_route=%2Fwp%2Fv2%2Fcomments&post=365098"}],"version-history":[{"count":2,"href":"https:\/\/diarioavancetabasco.com\/index.php?rest_route=\/wp\/v2\/posts\/365098\/revisions"}],"predecessor-version":[{"id":365166,"href":"https:\/\/diarioavancetabasco.com\/index.php?rest_route=\/wp\/v2\/posts\/365098\/revisions\/365166"}],"wp:featuredmedia":[{"embeddable":true,"href":"https:\/\/diarioavancetabasco.com\/index.php?rest_route=\/wp\/v2\/media\/365112"}],"wp:attachment":[{"href":"https:\/\/diarioavancetabasco.com\/index.php?rest_route=%2Fwp%2Fv2%2Fmedia&parent=365098"}],"wp:term":[{"taxonomy":"category","embeddable":true,"href":"https:\/\/diarioavancetabasco.com\/index.php?rest_route=%2Fwp%2Fv2%2Fcategories&post=365098"},{"taxonomy":"post_tag","embeddable":true,"href":"https:\/\/diarioavancetabasco.com\/index.php?rest_route=%2Fwp%2Fv2%2Ftags&post=365098"}],"curies":[{"name":"wp","href":"https:\/\/api.w.org\/{rel}","templated":true}]}}