{"id":365114,"date":"2018-11-13T00:48:46","date_gmt":"2018-11-13T06:48:46","guid":{"rendered":"http:\/\/diarioavancetabasco.com\/?p=365114"},"modified":"2018-11-13T00:48:49","modified_gmt":"2018-11-13T06:48:49","slug":"pan-con-poca-militancia-en-busca-de-su-registro","status":"publish","type":"post","link":"https:\/\/diarioavancetabasco.com\/?p=365114","title":{"rendered":"PAN, con poca militancia, en busca de su registro"},"content":{"rendered":"<p><!--\np.p1 {margin: 0.0px 0.0px 0.0px 0.0px; text-align: justify; line-height: 10.0px; font: 52.0px Whitman}\np.p2 {margin: 0.0px 0.0px 0.0px 0.0px; text-align: justify; line-height: 10.0px; font: 10.0px Whitman}\np.p3 {margin: 0.0px 0.0px 0.0px 0.0px; text-align: justify; text-indent: 6.0px; line-height: 10.0px; font: 10.0px Whitman}\np.p4 {margin: 0.0px 0.0px 0.0px 0.0px; text-align: justify; text-indent: 6.0px; line-height: 10.0px; font: 10.0px Whitman; min-height: 12.0px}\np.p5 {margin: 0.0px 0.0px 0.0px 0.0px; text-align: justify; line-height: 10.0px; font: 10.0px Amplitude}\nspan.s1 {letter-spacing: -0.4px}\nspan.s2 {font: 10.0px Whitman; letter-spacing: -0.4px}\n-->Jos\u00e9 Mart\u00ednez<\/p>\n<p>Desde la \u00e9poca de Carlos Salinas de Gortari el PAN tom\u00f3 el camino de la alianza con el PRI. Fue una cr\u00edtica muy dura que aprovech\u00f3 en aquel momento Andr\u00e9s Manuel L\u00f3pez Obrador cuando pertenec\u00eda al PRD.<\/p>\n<p>De aquellos a\u00f1os a lo actual a\u00fan persiste el mote del PRIAN, acu\u00f1ado por el tabasque\u00f1o.<\/p>\n<p>A pesar de los duros se\u00f1alamientos, el Partido Acci\u00f3n Nacional pudo tener dos presidentes: el primero, Vicente Fox, quien luego de gobernar Guanajuato dio un salto enorme posicionando por encima de Diego Fern\u00e1ndez de Ceballos para dejarlo en el camino en esa elecci\u00f3n.<\/p>\n<p>Luego vendr\u00eda Felipe Calder\u00f3n Hinojosa, quien se caracteriz\u00f3 por su amor al Ej\u00e9rcito, el cual usar\u00eda para combatir al narcotr\u00e1fico en una lucha frontal, la cual no pudo ganar, dejando miles de muertes, entre ellos civiles.<\/p>\n<p>Manuel Espino fue uno de los primeros que dej\u00f3 el partido en el mandato caldenorista.<\/p>\n<p>En 2018 de nuevo pretendieron arrebatar el poder, en esta ocasi\u00f3n en manos del PRI, y la puga interna empez\u00f3 para elegir a qui\u00e9n les iba a representar, al final qued\u00f3 Ricardo Anaya, un joven que se mov\u00eda como presidente del partido.<\/p>\n<p>Es en este a\u00f1o cuando el PAN perdi\u00f3 m\u00e1s militancia, a tal grado de que en algunos estados se borrara su registro, como fue el caso Tabasco, ya que no puedo alcanzar el 3 por ciento en las pasadas votaciones del primero de julio.<\/p>\n<p>El domingo se llev\u00f3 acabo la elecci\u00f3n interna del partido, donde sali\u00f3 vencedor el michoacano Marko Cort\u00e9s, quien ser\u00e1 ahora el nuevo presidente nacional.<\/p>\n<p>Su contrincante, Manuel G\u00f3mez Mor\u00edn, obtuvo el 21% en una votaci\u00f3n que super\u00f3 el 60% de participaci\u00f3n de los militantes.<\/p>\n<p>Desafortunadamente G\u00f3mez Mor\u00edn dejar\u00e1 Acci\u00f3n Nacional, al igual que Felipe Calder\u00f3n, quienes coincidieron que no se dieron las condiciones en los comicios, aunque este \u00faltimo con la intenci\u00f3n de formar un nuevo partido a partir de enero de 2019.<\/p>\n<p>El PAN vive una\u00a0 nueva ruptura interna, la cual le traer\u00e1 costos elevados para que vuelva a posicionarse y contender en seis a\u00f1os rumbo a la Presidencia de la Rep\u00fablica.<\/p>\n<p>En la entidad este partido qued\u00f3 completamente borrado, son pocos los que desean estar al frente de \u00e9l, porque saben que no existe un margen de maniobra pol\u00edtica para sobrevivir.<\/p>\n<p>De acuerdo con Luis Daniel Benavides Mart\u00ednez, militante del PAN, se ten\u00eda previsto que la convocatoria saliera el 12 de octubre, y la elecci\u00f3n para la renovaci\u00f3n de la dirigencia se realizar\u00e1 el nueve de diciembre, pero a la fecha a\u00fan no existe nada concreto.<\/p>\n<p>Pedro Gabriel Hidalgo y Jos\u00e9 Alfredo G\u00f3mez, son algunas de las propuestas, quienes suceder\u00e1n del cargo a Francisco Castillo.<\/p>\n<p>En punto de equilibro es claro, se necesita unidad para poder estar en los reflectores del 2021 cuando haya elecciones locales y puedan buscar alguna diputaci\u00f3n o presidencia municipal.<\/p>\n<p>Sin embargo, igual a nivel estatal se viven los distanciamientos en el PAN. El intento de poder recuperarse no es malo, pero es urgente salir de la oscuridad.<\/p>\n<p>&nbsp;<\/p>\n<p><b>HABERES<\/b><\/p>\n<p>El dirigente Estatal de Morena, C\u00e9sar Francisco Burelo se reuni\u00f3 ayer con los 21 diputados de su partido en el Congreso local. Se\u00f1al\u00f3 que el objetivo es definir las prioridades de la agenda legislativa, y entre otros temas que se abordar\u00e1n como la iniciativa para eliminar cualquier tipo de retribuciones a los delegados municipales. Todo se har\u00e1, dijo, con pleno respeto de la autonom\u00eda de los poderes y de la acci\u00f3n partidista pero sin ignorar que existe un Proyecto de Naci\u00f3n encabezado por L\u00f3pez Obrador.<\/p>\n","protected":false},"excerpt":{"rendered":"<p>Jos\u00e9 Mart\u00ednez Desde la \u00e9poca de Carlos Salinas de Gortari el PAN tom\u00f3 el camino de la alianza con el PRI. Fue una cr\u00edtica muy dura que aprovech\u00f3 en aquel momento Andr\u00e9s Manuel L\u00f3pez Obrador cuando pertenec\u00eda al PRD. De aquellos a\u00f1os a lo actual a\u00fan persiste el mote del PRIAN, acu\u00f1ado por el tabasque\u00f1o. [&hellip;]<\/p>\n","protected":false},"author":2,"featured_media":365112,"comment_status":"closed","ping_status":"closed","sticky":false,"template":"","format":"standard","meta":{"footnotes":""},"categories":[9],"tags":[],"class_list":["post-365114","post","type-post","status-publish","format-standard","has-post-thumbnail","hentry","category-politica"],"_links":{"self":[{"href":"https:\/\/diarioavancetabasco.com\/index.php?rest_route=\/wp\/v2\/posts\/365114","targetHints":{"allow":["GET"]}}],"collection":[{"href":"https:\/\/diarioavancetabasco.com\/index.php?rest_route=\/wp\/v2\/posts"}],"about":[{"href":"https:\/\/diarioavancetabasco.com\/index.php?rest_route=\/wp\/v2\/types\/post"}],"author":[{"embeddable":true,"href":"https:\/\/diarioavancetabasco.com\/index.php?rest_route=\/wp\/v2\/users\/2"}],"replies":[{"embeddable":true,"href":"https:\/\/diarioavancetabasco.com\/index.php?rest_route=%2Fwp%2Fv2%2Fcomments&post=365114"}],"version-history":[{"count":2,"href":"https:\/\/diarioavancetabasco.com\/index.php?rest_route=\/wp\/v2\/posts\/365114\/revisions"}],"predecessor-version":[{"id":365181,"href":"https:\/\/diarioavancetabasco.com\/index.php?rest_route=\/wp\/v2\/posts\/365114\/revisions\/365181"}],"wp:featuredmedia":[{"embeddable":true,"href":"https:\/\/diarioavancetabasco.com\/index.php?rest_route=\/wp\/v2\/media\/365112"}],"wp:attachment":[{"href":"https:\/\/diarioavancetabasco.com\/index.php?rest_route=%2Fwp%2Fv2%2Fmedia&parent=365114"}],"wp:term":[{"taxonomy":"category","embeddable":true,"href":"https:\/\/diarioavancetabasco.com\/index.php?rest_route=%2Fwp%2Fv2%2Fcategories&post=365114"},{"taxonomy":"post_tag","embeddable":true,"href":"https:\/\/diarioavancetabasco.com\/index.php?rest_route=%2Fwp%2Fv2%2Ftags&post=365114"}],"curies":[{"name":"wp","href":"https:\/\/api.w.org\/{rel}","templated":true}]}}