{"id":365130,"date":"2018-11-13T00:32:22","date_gmt":"2018-11-13T06:32:22","guid":{"rendered":"http:\/\/diarioavancetabasco.com\/?p=365130"},"modified":"2018-11-13T00:32:24","modified_gmt":"2018-11-13T06:32:24","slug":"participa-adan-augusto-en-reunion-sobre-el-tren-maya","status":"publish","type":"post","link":"https:\/\/diarioavancetabasco.com\/?p=365130","title":{"rendered":"Participa Ad\u00e1n Augusto en reuni\u00f3n sobre el Tren Maya"},"content":{"rendered":"<p><!--\np.p1 {margin: 0.0px 0.0px 0.0px 0.0px; text-align: justify; line-height: 10.0px; font: 10.0px Whitman}\np.p2 {margin: 0.0px 0.0px 0.0px 0.0px; text-align: justify; text-indent: 6.0px; line-height: 10.0px; font: 10.0px Whitman}\nspan.s1 {letter-spacing: -0.4px}\n-->El Gobernador Electo de Tabasco, Ad\u00e1n Augusto L\u00f3pez Hern\u00e1ndez, particip\u00f3 hoy en la reuni\u00f3n que encabez\u00f3 el Presidente Electo, Andr\u00e9s Manuel L\u00f3pez Obrador con gobernadores de la regi\u00f3n, encuentro que se llev\u00f3 a cabo en M\u00e9rida, para impulsar los trabajos del \u201cTren Maya\u201d, considerado por la pr\u00f3xima administraci\u00f3n como el proyecto de infraestructura tur\u00edstica m\u00e1s importante del sureste de M\u00e9xico.<\/p>\n<p>En este encuentro el pr\u00f3ximo titular del Fondo Nacional de Fomento al Turismo (Fonatur), Rogelio Jim\u00e9nez Pons, anunci\u00f3 que los trabajos iniciar\u00e1n el lunes 17 de diciembre, un d\u00eda antes se realizar\u00e1 una ceremonia de arranque en Palenque, Chiapas.<\/p>\n<p>Tambi\u00e9n inform\u00f3 que ya se solicit\u00f3 a la Secretar\u00eda de Hacienda y Cr\u00e9dito P\u00fablico, una primera partida estimada en seis mil millones de pesos.<\/p>\n","protected":false},"excerpt":{"rendered":"<p>El Gobernador Electo de Tabasco, Ad\u00e1n Augusto L\u00f3pez Hern\u00e1ndez, particip\u00f3 hoy en la reuni\u00f3n que encabez\u00f3 el Presidente Electo, Andr\u00e9s Manuel L\u00f3pez Obrador con gobernadores de la regi\u00f3n, encuentro que se llev\u00f3 a cabo en M\u00e9rida, para impulsar los trabajos del \u201cTren Maya\u201d, considerado por la pr\u00f3xima administraci\u00f3n como el proyecto de infraestructura tur\u00edstica m\u00e1s [&hellip;]<\/p>\n","protected":false},"author":2,"featured_media":365106,"comment_status":"closed","ping_status":"closed","sticky":false,"template":"","format":"standard","meta":{"footnotes":""},"categories":[9],"tags":[],"class_list":["post-365130","post","type-post","status-publish","format-standard","has-post-thumbnail","hentry","category-politica"],"_links":{"self":[{"href":"https:\/\/diarioavancetabasco.com\/index.php?rest_route=\/wp\/v2\/posts\/365130","targetHints":{"allow":["GET"]}}],"collection":[{"href":"https:\/\/diarioavancetabasco.com\/index.php?rest_route=\/wp\/v2\/posts"}],"about":[{"href":"https:\/\/diarioavancetabasco.com\/index.php?rest_route=\/wp\/v2\/types\/post"}],"author":[{"embeddable":true,"href":"https:\/\/diarioavancetabasco.com\/index.php?rest_route=\/wp\/v2\/users\/2"}],"replies":[{"embeddable":true,"href":"https:\/\/diarioavancetabasco.com\/index.php?rest_route=%2Fwp%2Fv2%2Fcomments&post=365130"}],"version-history":[{"count":2,"href":"https:\/\/diarioavancetabasco.com\/index.php?rest_route=\/wp\/v2\/posts\/365130\/revisions"}],"predecessor-version":[{"id":365170,"href":"https:\/\/diarioavancetabasco.com\/index.php?rest_route=\/wp\/v2\/posts\/365130\/revisions\/365170"}],"wp:featuredmedia":[{"embeddable":true,"href":"https:\/\/diarioavancetabasco.com\/index.php?rest_route=\/wp\/v2\/media\/365106"}],"wp:attachment":[{"href":"https:\/\/diarioavancetabasco.com\/index.php?rest_route=%2Fwp%2Fv2%2Fmedia&parent=365130"}],"wp:term":[{"taxonomy":"category","embeddable":true,"href":"https:\/\/diarioavancetabasco.com\/index.php?rest_route=%2Fwp%2Fv2%2Fcategories&post=365130"},{"taxonomy":"post_tag","embeddable":true,"href":"https:\/\/diarioavancetabasco.com\/index.php?rest_route=%2Fwp%2Fv2%2Ftags&post=365130"}],"curies":[{"name":"wp","href":"https:\/\/api.w.org\/{rel}","templated":true}]}}