{"id":365151,"date":"2018-11-13T00:44:32","date_gmt":"2018-11-13T06:44:32","guid":{"rendered":"http:\/\/diarioavancetabasco.com\/?p=365151"},"modified":"2018-11-13T00:44:33","modified_gmt":"2018-11-13T06:44:33","slug":"varados","status":"publish","type":"post","link":"https:\/\/diarioavancetabasco.com\/?p=365151","title":{"rendered":"\u00a1Varados!"},"content":{"rendered":"<p><!--\np.p1 {margin: 0.0px 0.0px 0.0px 0.0px; text-align: justify; line-height: 10.0px; font: 52.0px Whitman}\np.p2 {margin: 0.0px 0.0px 0.0px 0.0px; text-align: justify; line-height: 10.0px; font: 10.0px Whitman}\np.p3 {margin: 0.0px 0.0px 0.0px 0.0px; text-align: justify; text-indent: 6.0px; line-height: 10.0px; font: 10.0px Whitman}\nspan.s1 {letter-spacing: -0.2px}\n-->El mal tiempo por el que atraviesa gran parte del territorio de\u00a0Argentina\u00a0ya caus\u00f3 estragos en la\u00a0Selecci\u00f3n Mexicana\u00a0pues\u00a0Ra\u00fal Jim\u00e9nez y Erick Guti\u00e9rrez\u00a0est\u00e1n varados en\u00a0Buenos Aires, junto con personal del\u00a0staff del Tricolor, pues el aeropuerto de\u00a0C\u00f3rdoba\u00a0fue cerrado por tormenta el\u00e9ctrica.<\/p>\n<p>Ambos elementos arribaron por la ma\u00f1ana de este lunes a la capital argentina, provenientes de Europa, para de ah\u00ed partir a\u00a0C\u00f3rdoba,\u00a0donde\u00a0M\u00e9xico\u00a0se enfrentar\u00e1 en el primer partido de dos a la\u00a0Albiceleste\u00a0el\u00a0viernes 16\u00a0en el\u00a0Estadio Mario Alberto Kempes,\u00a0pero encontraron la sorpresa de que estaba cerrado el aeropuerto.<\/p>\n<p>Jim\u00e9nez y Guti\u00e9rrez\u00a0eran los dos primeros elementos que participan en el Viejo Continente que llegar\u00edan a la concentraci\u00f3n, pero ahora se desconoce la hora en la que arribar\u00e1n a\u00a0C\u00f3rdoba.<\/p>\n<p>El resto de jugadores de la\u00a0Selecci\u00f3n Mexicana\u00a0que vienen de\u00a0Europa\u00a0tambi\u00e9n estar\u00e1n llegando a Buenos Aires\u00a0y de ah\u00ed a esta ciudad, pero con la posibilidad de que sus respectivos vuelos tambi\u00e9n sean demorados.<\/p>\n<p>Personal de log\u00edstica de la Selecci\u00f3n, as\u00ed como parte de la seguridad y otros departamentos que normalmente viajan desde un d\u00eda antes a las ciudades donde estar\u00e1 el equipo, tambi\u00e9n se encuentran varados en\u00a0Buenos Aires.<\/p>\n","protected":false},"excerpt":{"rendered":"<p>El mal tiempo por el que atraviesa gran parte del territorio de\u00a0Argentina\u00a0ya caus\u00f3 estragos en la\u00a0Selecci\u00f3n Mexicana\u00a0pues\u00a0Ra\u00fal Jim\u00e9nez y Erick Guti\u00e9rrez\u00a0est\u00e1n varados en\u00a0Buenos Aires, junto con personal del\u00a0staff del Tricolor, pues el aeropuerto de\u00a0C\u00f3rdoba\u00a0fue cerrado por tormenta el\u00e9ctrica. Ambos elementos arribaron por la ma\u00f1ana de este lunes a la capital argentina, provenientes de Europa, para [&hellip;]<\/p>\n","protected":false},"author":2,"featured_media":365120,"comment_status":"closed","ping_status":"closed","sticky":false,"template":"","format":"standard","meta":{"footnotes":""},"categories":[6],"tags":[],"class_list":["post-365151","post","type-post","status-publish","format-standard","has-post-thumbnail","hentry","category-deportes"],"_links":{"self":[{"href":"https:\/\/diarioavancetabasco.com\/index.php?rest_route=\/wp\/v2\/posts\/365151","targetHints":{"allow":["GET"]}}],"collection":[{"href":"https:\/\/diarioavancetabasco.com\/index.php?rest_route=\/wp\/v2\/posts"}],"about":[{"href":"https:\/\/diarioavancetabasco.com\/index.php?rest_route=\/wp\/v2\/types\/post"}],"author":[{"embeddable":true,"href":"https:\/\/diarioavancetabasco.com\/index.php?rest_route=\/wp\/v2\/users\/2"}],"replies":[{"embeddable":true,"href":"https:\/\/diarioavancetabasco.com\/index.php?rest_route=%2Fwp%2Fv2%2Fcomments&post=365151"}],"version-history":[{"count":2,"href":"https:\/\/diarioavancetabasco.com\/index.php?rest_route=\/wp\/v2\/posts\/365151\/revisions"}],"predecessor-version":[{"id":365180,"href":"https:\/\/diarioavancetabasco.com\/index.php?rest_route=\/wp\/v2\/posts\/365151\/revisions\/365180"}],"wp:featuredmedia":[{"embeddable":true,"href":"https:\/\/diarioavancetabasco.com\/index.php?rest_route=\/wp\/v2\/media\/365120"}],"wp:attachment":[{"href":"https:\/\/diarioavancetabasco.com\/index.php?rest_route=%2Fwp%2Fv2%2Fmedia&parent=365151"}],"wp:term":[{"taxonomy":"category","embeddable":true,"href":"https:\/\/diarioavancetabasco.com\/index.php?rest_route=%2Fwp%2Fv2%2Fcategories&post=365151"},{"taxonomy":"post_tag","embeddable":true,"href":"https:\/\/diarioavancetabasco.com\/index.php?rest_route=%2Fwp%2Fv2%2Ftags&post=365151"}],"curies":[{"name":"wp","href":"https:\/\/api.w.org\/{rel}","templated":true}]}}