{"id":365210,"date":"2018-11-14T00:49:12","date_gmt":"2018-11-14T06:49:12","guid":{"rendered":"http:\/\/diarioavancetabasco.com\/?p=365210"},"modified":"2018-11-14T00:52:21","modified_gmt":"2018-11-14T06:52:21","slug":"quiero-estar-bien-de-salud-para-acabar-mi-mandato-dice-amlo","status":"publish","type":"post","link":"https:\/\/diarioavancetabasco.com\/?p=365210","title":{"rendered":"Quiero estar bien de salud para acabar mi mandato, dice AMLO"},"content":{"rendered":"<p><!--\np.p1 {margin: 0.0px 0.0px 0.0px 0.0px; text-align: justify; line-height: 10.0px; font: 10.0px Whitman}\np.p2 {margin: 0.0px 0.0px 0.0px 0.0px; text-align: justify; text-indent: 6.0px; line-height: 10.0px; font: 10.0px Whitman}\nspan.s1 {letter-spacing: -0.2px}\n-->El presidente electo Andr\u00e9s Manuel L\u00f3pez Obrador agradeci\u00f3 las felicitaciones por su cumplea\u00f1os 65 y deseo estar bien de salud para acabar su mandato el 2024.<\/p>\n<p>A trav\u00e9s de sus redes sociales, el presidente electo dijo que el cari\u00f1o es rec\u00edproco para todos aquellos que lo han felicitado.<\/p>\n<p>\u201cEn efecto, hoy cumplo 65 a\u00f1os de vida y, como el ideal y el cari\u00f1o que nos tenemos es rec\u00edproco, les comparto mi deseo: quiero estar bien de salud para terminar mi mandato en 2024 y celebrar con ustedes que pudimos forjar una patria nueva, libre, democr\u00e1tica y fraterna\u201d, indic\u00f3.<\/p>\n<p>Gracias por las felicitaciones. Como el ideal y el cari\u00f1o que nos tenemos es rec\u00edproco, les comparto mi deseo: quiero estar bien de salud para terminar mi mandato en 2024 y celebrar con ustedes que pudimos forjar una patria nueva, libre, democr\u00e1tica y fraterna.<\/p>\n","protected":false},"excerpt":{"rendered":"<p>El presidente electo Andr\u00e9s Manuel L\u00f3pez Obrador agradeci\u00f3 las felicitaciones por su cumplea\u00f1os 65 y deseo estar bien de salud para acabar su mandato el 2024. A trav\u00e9s de sus redes sociales, el presidente electo dijo que el cari\u00f1o es rec\u00edproco para todos aquellos que lo han felicitado. \u201cEn efecto, hoy cumplo 65 a\u00f1os de [&hellip;]<\/p>\n","protected":false},"author":2,"featured_media":365196,"comment_status":"closed","ping_status":"closed","sticky":false,"template":"","format":"standard","meta":{"footnotes":""},"categories":[3],"tags":[],"class_list":["post-365210","post","type-post","status-publish","format-standard","has-post-thumbnail","hentry","category-nacional"],"_links":{"self":[{"href":"https:\/\/diarioavancetabasco.com\/index.php?rest_route=\/wp\/v2\/posts\/365210","targetHints":{"allow":["GET"]}}],"collection":[{"href":"https:\/\/diarioavancetabasco.com\/index.php?rest_route=\/wp\/v2\/posts"}],"about":[{"href":"https:\/\/diarioavancetabasco.com\/index.php?rest_route=\/wp\/v2\/types\/post"}],"author":[{"embeddable":true,"href":"https:\/\/diarioavancetabasco.com\/index.php?rest_route=\/wp\/v2\/users\/2"}],"replies":[{"embeddable":true,"href":"https:\/\/diarioavancetabasco.com\/index.php?rest_route=%2Fwp%2Fv2%2Fcomments&post=365210"}],"version-history":[{"count":2,"href":"https:\/\/diarioavancetabasco.com\/index.php?rest_route=\/wp\/v2\/posts\/365210\/revisions"}],"predecessor-version":[{"id":365255,"href":"https:\/\/diarioavancetabasco.com\/index.php?rest_route=\/wp\/v2\/posts\/365210\/revisions\/365255"}],"wp:featuredmedia":[{"embeddable":true,"href":"https:\/\/diarioavancetabasco.com\/index.php?rest_route=\/wp\/v2\/media\/365196"}],"wp:attachment":[{"href":"https:\/\/diarioavancetabasco.com\/index.php?rest_route=%2Fwp%2Fv2%2Fmedia&parent=365210"}],"wp:term":[{"taxonomy":"category","embeddable":true,"href":"https:\/\/diarioavancetabasco.com\/index.php?rest_route=%2Fwp%2Fv2%2Fcategories&post=365210"},{"taxonomy":"post_tag","embeddable":true,"href":"https:\/\/diarioavancetabasco.com\/index.php?rest_route=%2Fwp%2Fv2%2Ftags&post=365210"}],"curies":[{"name":"wp","href":"https:\/\/api.w.org\/{rel}","templated":true}]}}