{"id":365267,"date":"2018-11-15T00:34:25","date_gmt":"2018-11-15T06:34:25","guid":{"rendered":"http:\/\/diarioavancetabasco.com\/?p=365267"},"modified":"2018-11-15T00:34:42","modified_gmt":"2018-11-15T06:34:42","slug":"aprueba-legislativo-nuevas-reformas-van-compromisos-de-campana","status":"publish","type":"post","link":"https:\/\/diarioavancetabasco.com\/?p=365267","title":{"rendered":"Aprueba Legislativo nuevas reformas; van compromisos de campa\u00f1a"},"content":{"rendered":"<p><!--\np.p1 {margin: 0.0px 0.0px 0.0px 0.0px; text-align: justify; line-height: 10.0px; font: 51.5px Whitman}\np.p2 {margin: 0.0px 0.0px 0.0px 0.0px; text-align: justify; line-height: 10.0px; font: 10.0px Whitman}\np.p3 {margin: 0.0px 0.0px 0.0px 0.0px; text-align: justify; text-indent: 6.0px; line-height: 10.0px; font: 10.0px Whitman}\np.p4 {margin: 0.0px 0.0px 0.0px 0.0px; text-align: justify; text-indent: 6.0px; line-height: 10.0px; font: 10.0px Whitman; min-height: 12.0px}\np.p5 {margin: 0.0px 0.0px 0.0px 0.0px; text-align: justify; line-height: 10.0px; font: 10.0px Amplitude}\np.p6 {margin: 0.0px 0.0px 0.0px 0.0px; text-align: justify; line-height: 10.0px; font: 10.0px Whitman; min-height: 12.0px}\nspan.s1 {letter-spacing: -0.3px}\nspan.s2 {font: 10.0px Whitman; letter-spacing: -0.3px}\n-->Jos\u00e9 Mart\u00ednez<\/p>\n<p>Desde el dos de julio el presidente electo de M\u00e9xico, Andr\u00e9s Manuel L\u00f3pez Obrador, no para de trabajar. A pesar de que oficialmente asume la Presidencia dentro de unas semanas, su agenda de actividades diarias se mantiene ocupada.<\/p>\n<p>Al d\u00eda de hoy se pueden contar reuniones con actores pol\u00edticos nacionales e internacionales. Apenas la v\u00edspera present\u00f3 su Plan de Seguridad y Justicia.<\/p>\n<p>Se ha reunido con gobernadores en funci\u00f3n y con sus relevos, as\u00ed como integrantes del Congreso de la Uni\u00f3n, donde tiene mayor\u00eda el partido Morena. Con estos \u00faltimos acord\u00f3 una agenda de trabajo que se cumple paso a paso.<\/p>\n<p>Entre las acciones acordadas en forma conjunta se encuentra el retiro del fuero constitucional a funcionarios de primer nivel.<\/p>\n<p>La reducci\u00f3n de los recursos destinados a los partidos pol\u00edticos y la Ley de Remuneraci\u00f3n que proh\u00edbe que alg\u00fan funcionario gane m\u00e1s que el Presidente de la rep\u00fablica, est\u00e1 entre las m\u00e1s conocidas.<\/p>\n<p>En los d\u00edas previos a que asuma el poder, el Legislativo termina los ajustes necesarios para que el pr\u00f3ximo Ejecutivo federal pueda cumplir con los compromisos de campa\u00f1a.<\/p>\n<p>Entre \u00e9stos se encuentran diversas reformas a la Ley Org\u00e1nica de la administraci\u00f3n p\u00fablica federal para agregar en las figuras de los representantes estatales que coordinar\u00e1n todos los programas sociales en las entidades del pa\u00eds, y que estar\u00e1n bajo las \u00f3rdenes directas de la Presidencia de la Rep\u00fablica.<\/p>\n<p>Con esta nueva figura se busca asegurar que los apoyos sociales lleguen a quien lo necesiten y se evite un uso pol\u00edtico o poco transparente de los programas sociales.<\/p>\n<p>Las reformas aprobadas la madrugada de ayer, insertan la nueva Secretar\u00eda de Bienestar que se encargar\u00e1 de coordinar diversos programas de apoyo a j\u00f3venes y a los adultos mayores.<\/p>\n<p>Esta nueva dependencia tambi\u00e9n ser\u00e1 la que coordinar\u00e1 uno de los programas estrat\u00e9gicos del pr\u00f3ximo sexenio. \u201cSembrando vida\u201d estar\u00e1 a cargo del tabasque\u00f1o Javier May Rodr\u00edguez, que buscar\u00e1 reforestar un mill\u00f3n de hect\u00e1reas en todo el pa\u00eds.<\/p>\n<p>No son los \u00fanicos ajustes que se hicieron a la ley que regula la administraci\u00f3n p\u00fablica federal. Se cre\u00f3 la nueva secretar\u00eda de Seguridad P\u00fablica y Protecci\u00f3n Ciudadana, que fue uno de los puntos de mayor an\u00e1lisis por los diputados federales que participaron en su discusi\u00f3n en una sesi\u00f3n marat\u00f3nica, la cual tuvo su inicio el pasado martes, y culmin\u00f3 en las primeras horas del mi\u00e9rcoles. A pesar de ello, las reformas fueron aprobadas sin ning\u00fan problema.<\/p>\n<p>Las mejoras a la ley pasar\u00e1n ahora al Senado para su an\u00e1lisis, y en su caso la aprobaci\u00f3n.<\/p>\n<p>Con ello se estar\u00e1n creando las condiciones necesarias para las acciones que se ha trazado el Presidente electo y su equipo de trabajo que lo acompa\u00f1ar\u00e1 durante los pr\u00f3ximos seis a\u00f1os.<\/p>\n<p>Ser\u00e1 a mediados del mes de diciembre cuando el nuevo mandatario env\u00ede al Congreso de la Uni\u00f3n su propuesta de presupuesto de egresos en la que solicita los recursos para\u00a0 iniciar lo que ha llamado la Cuarta Transformaci\u00f3n de M\u00e9xico. Esto a pesar de la resistencia evidente de muchos actores a nivel nacional, quienes poco a poco entender\u00e1n que se busca el beneficio de la colectividad por encima del personal.<\/p>\n<p>&nbsp;<\/p>\n<p><b>HABERES<\/b><\/p>\n<p>&nbsp;<\/p>\n<p>El gobernador electo de Tabasco, Ad\u00e1n Augusto L\u00f3pez Hern\u00e1ndez asegur\u00f3 que la consulta para el Tren Maya y la refiner\u00eda \u201cs\u00ed van\u201d. L\u00f3pez Hern\u00e1ndez asegur\u00f3 que la consulta ser\u00e1 a nivel nacional y no solo local, ya que es una forma en la que todos los ciudadanos opinen sobre estos temas. Hay quienes, con sus propias razones, reclaman mejorar el sistema de consultas.<\/p>\n","protected":false},"excerpt":{"rendered":"<p>Jos\u00e9 Mart\u00ednez Desde el dos de julio el presidente electo de M\u00e9xico, Andr\u00e9s Manuel L\u00f3pez Obrador, no para de trabajar. A pesar de que oficialmente asume la Presidencia dentro de unas semanas, su agenda de actividades diarias se mantiene ocupada. Al d\u00eda de hoy se pueden contar reuniones con actores pol\u00edticos nacionales e internacionales. Apenas [&hellip;]<\/p>\n","protected":false},"author":2,"featured_media":365112,"comment_status":"closed","ping_status":"closed","sticky":false,"template":"","format":"standard","meta":{"footnotes":""},"categories":[9],"tags":[],"class_list":["post-365267","post","type-post","status-publish","format-standard","has-post-thumbnail","hentry","category-politica"],"_links":{"self":[{"href":"https:\/\/diarioavancetabasco.com\/index.php?rest_route=\/wp\/v2\/posts\/365267","targetHints":{"allow":["GET"]}}],"collection":[{"href":"https:\/\/diarioavancetabasco.com\/index.php?rest_route=\/wp\/v2\/posts"}],"about":[{"href":"https:\/\/diarioavancetabasco.com\/index.php?rest_route=\/wp\/v2\/types\/post"}],"author":[{"embeddable":true,"href":"https:\/\/diarioavancetabasco.com\/index.php?rest_route=\/wp\/v2\/users\/2"}],"replies":[{"embeddable":true,"href":"https:\/\/diarioavancetabasco.com\/index.php?rest_route=%2Fwp%2Fv2%2Fcomments&post=365267"}],"version-history":[{"count":3,"href":"https:\/\/diarioavancetabasco.com\/index.php?rest_route=\/wp\/v2\/posts\/365267\/revisions"}],"predecessor-version":[{"id":365343,"href":"https:\/\/diarioavancetabasco.com\/index.php?rest_route=\/wp\/v2\/posts\/365267\/revisions\/365343"}],"wp:featuredmedia":[{"embeddable":true,"href":"https:\/\/diarioavancetabasco.com\/index.php?rest_route=\/wp\/v2\/media\/365112"}],"wp:attachment":[{"href":"https:\/\/diarioavancetabasco.com\/index.php?rest_route=%2Fwp%2Fv2%2Fmedia&parent=365267"}],"wp:term":[{"taxonomy":"category","embeddable":true,"href":"https:\/\/diarioavancetabasco.com\/index.php?rest_route=%2Fwp%2Fv2%2Fcategories&post=365267"},{"taxonomy":"post_tag","embeddable":true,"href":"https:\/\/diarioavancetabasco.com\/index.php?rest_route=%2Fwp%2Fv2%2Ftags&post=365267"}],"curies":[{"name":"wp","href":"https:\/\/api.w.org\/{rel}","templated":true}]}}