{"id":365314,"date":"2018-11-15T00:20:38","date_gmt":"2018-11-15T06:20:38","guid":{"rendered":"http:\/\/diarioavancetabasco.com\/?p=365314"},"modified":"2018-11-15T00:20:57","modified_gmt":"2018-11-15T06:20:57","slug":"se-reanudan-clases","status":"publish","type":"post","link":"https:\/\/diarioavancetabasco.com\/?p=365314","title":{"rendered":"\u00a1Se reanudan clases!"},"content":{"rendered":"<p><!--\np.p1 {margin: 0.0px 0.0px 0.0px 0.0px; text-align: justify; line-height: 10.0px; font: 52.0px Whitman}\np.p2 {margin: 0.0px 0.0px 0.0px 0.0px; text-align: justify; line-height: 10.0px; font: 10.0px Whitman}\np.p3 {margin: 0.0px 0.0px 0.0px 0.0px; text-align: justify; text-indent: 6.0px; line-height: 10.0px; font: 10.0px Whitman}\nspan.s1 {letter-spacing: -0.3px}\n-->Para este jueves se reanudan las clases, en los centros educativos de acuerdo a lo informado por las autoridades del \u00a0gobierno de Estado.<\/p>\n<p>A trav\u00e9s de un comunicado el \u00a0Instituto de Protecci\u00f3n Civil del Estado se\u00f1ala que contin\u00faa vigente la suspensi\u00f3n de clases \u00a0en escuelas de la costa de Tabasco que se vieron afectadas por el paso del Frente Fr\u00edo n\u00famero 10.<\/p>\n<p>\u201cEste 15 de noviembre se reanudan las actividades educativas en las escuelas p\u00fablicas y privadas de todos los niveles, \u00a0donde hubo la instrucci\u00f3n de suspensi\u00f3n de actividades por las recientes lluvias\u201d.<\/p>\n<p>En los municipios de Centla, C\u00e1rdenas y Para\u00edso, no habr\u00e1 clases debida a que el frente frio continuar\u00e1 afectando con lluvias estas demarcaciones.<\/p>\n<p>A partir de este jueves\u00a0ya no habr\u00e1 la misma intensidad de lluvias, es que la Secretar\u00eda de Educaci\u00f3n de Tabasco (Setab) determin\u00f3 que se reanudaran\u00a0las clases.<\/p>\n<p>Sin embargo en la franja costera del Estado que comprende Centla, C\u00e1rdenas y Para\u00edso, el evento norte se mantendr\u00e1 posiblemente hasta este viernes, por lo que en esas\u00a0escuelas permanecer\u00e1 la suspensi\u00f3n de labores hasta este jueves.<\/p>\n<p>La Secretar\u00eda de Educaci\u00f3n de Tabasco (Setab) mediante un comunicado confirm\u00f3 que se reanudar\u00e1n las clases el jueves, sin embargo hizo un atento llamado a los directivos, docentes y organizaciones de padres de familia de los planteles ubicadas en zonas bajas o cercanas a r\u00edos que tomen consenso las decisiones que consideren pertinentes.<\/p>\n","protected":false},"excerpt":{"rendered":"<p>Para este jueves se reanudan las clases, en los centros educativos de acuerdo a lo informado por las autoridades del \u00a0gobierno de Estado. A trav\u00e9s de un comunicado el \u00a0Instituto de Protecci\u00f3n Civil del Estado se\u00f1ala que contin\u00faa vigente la suspensi\u00f3n de clases \u00a0en escuelas de la costa de Tabasco que se vieron afectadas por [&hellip;]<\/p>\n","protected":false},"author":2,"featured_media":365283,"comment_status":"closed","ping_status":"closed","sticky":false,"template":"","format":"standard","meta":{"footnotes":""},"categories":[19],"tags":[],"class_list":["post-365314","post","type-post","status-publish","format-standard","has-post-thumbnail","hentry","category-de-ultima-hora"],"_links":{"self":[{"href":"https:\/\/diarioavancetabasco.com\/index.php?rest_route=\/wp\/v2\/posts\/365314","targetHints":{"allow":["GET"]}}],"collection":[{"href":"https:\/\/diarioavancetabasco.com\/index.php?rest_route=\/wp\/v2\/posts"}],"about":[{"href":"https:\/\/diarioavancetabasco.com\/index.php?rest_route=\/wp\/v2\/types\/post"}],"author":[{"embeddable":true,"href":"https:\/\/diarioavancetabasco.com\/index.php?rest_route=\/wp\/v2\/users\/2"}],"replies":[{"embeddable":true,"href":"https:\/\/diarioavancetabasco.com\/index.php?rest_route=%2Fwp%2Fv2%2Fcomments&post=365314"}],"version-history":[{"count":2,"href":"https:\/\/diarioavancetabasco.com\/index.php?rest_route=\/wp\/v2\/posts\/365314\/revisions"}],"predecessor-version":[{"id":365338,"href":"https:\/\/diarioavancetabasco.com\/index.php?rest_route=\/wp\/v2\/posts\/365314\/revisions\/365338"}],"wp:featuredmedia":[{"embeddable":true,"href":"https:\/\/diarioavancetabasco.com\/index.php?rest_route=\/wp\/v2\/media\/365283"}],"wp:attachment":[{"href":"https:\/\/diarioavancetabasco.com\/index.php?rest_route=%2Fwp%2Fv2%2Fmedia&parent=365314"}],"wp:term":[{"taxonomy":"category","embeddable":true,"href":"https:\/\/diarioavancetabasco.com\/index.php?rest_route=%2Fwp%2Fv2%2Fcategories&post=365314"},{"taxonomy":"post_tag","embeddable":true,"href":"https:\/\/diarioavancetabasco.com\/index.php?rest_route=%2Fwp%2Fv2%2Ftags&post=365314"}],"curies":[{"name":"wp","href":"https:\/\/api.w.org\/{rel}","templated":true}]}}