{"id":365372,"date":"2018-11-16T00:17:09","date_gmt":"2018-11-16T06:17:09","guid":{"rendered":"http:\/\/diarioavancetabasco.com\/?p=365372"},"modified":"2018-11-16T00:17:19","modified_gmt":"2018-11-16T06:17:19","slug":"invalida-scjn-la-ley-de-seguridad-interior","status":"publish","type":"post","link":"https:\/\/diarioavancetabasco.com\/?p=365372","title":{"rendered":"Invalida SCJN la Ley  de Seguridad Interior"},"content":{"rendered":"<p><!--\np.p1 {margin: 0.0px 0.0px 0.0px 0.0px; text-align: justify; line-height: 10.0px; font: 10.0px Whitman}\np.p2 {margin: 0.0px 0.0px 0.0px 0.0px; text-align: justify; text-indent: 6.0px; line-height: 10.0px; font: 10.0px Whitman}\nspan.s1 {letter-spacing: -0.3px}\n--><!--\np.p1 {margin: 0.0px 0.0px 0.0px 0.0px; text-align: justify; line-height: 10.0px; font: 52.0px Whitman}\np.p2 {margin: 0.0px 0.0px 0.0px 0.0px; text-align: justify; line-height: 10.0px; font: 10.0px Whitman}\np.p3 {margin: 0.0px 0.0px 0.0px 0.0px; text-align: justify; text-indent: 6.0px; line-height: 10.0px; font: 10.0px Whitman}\nspan.s1 {letter-spacing: -0.2px}\nspan.s2 {letter-spacing: -0.1px}\n-->Con nueve votos a favor y uno en contra, la Suprema Corte de Justicia de la Naci\u00f3n (SCJN) invalid\u00f3 en su totalidad esta tarde la Ley de Seguridad Interior, con la que se buscaba regular la actuaci\u00f3n de las fuerzas armadas en la lucha contra el crimen organizado.<\/p>\n<p>Los ministros del alto tribunal consideraron que el Congreso de la Uni\u00f3n no tiene facultades para legislar en la materia, debido a que constitucionalmente s\u00f3lo el Ejecutivo federal est\u00e1 facultado para disponer de la totalidad del Ej\u00e9rcito, la Marina y la Fuerza A\u00e9rea para la seguridad interior y defensa exterior.<\/p>\n<p>En la sesi\u00f3n de este jueves, los ministros Jos\u00e9 Fernando Franco Gonz\u00e1lez Salas, Margarita Luna Ramos y Luis Mar\u00eda Aguilar explicaron los motivos de rechazo a la norma. S\u00f3lo el ministro, Jorge Mario Pardo Rebolledo vot\u00f3 a favor.<\/p>\n<p>En su intervenci\u00f3n, el ministro Jos\u00e9 Fernando Franco Gonz\u00e1lez Salas reconoci\u00f3 la tarea de las fuerzas armadas, pero dijo que son fundados los conceptos de invalidez, relativos a la falta de competencia del poder legislativo para legislar en la materia.<br \/>\nDijo que la Seguridad P\u00fablica, Seguridad Nacional y la Seguridad Interior est\u00e1n reguladas por la Constituci\u00f3n.<\/p>\n<p>En tanto la ministra, Margarita Luna Ramos se\u00f1al\u00f3 que el Congreso tiene facultades, pero el proceso de aprobaci\u00f3n de ley en la C\u00e1mara de Diputados registr\u00f3 deficiencias.<\/p>\n<p>A su vez, el presidente de la SCJN, Luis Mar\u00eda Aguilar dijo que la ley podr\u00eda generar un mal mayor a la partici\u00f3n de las fuerzas armadas, por lo que consider\u00f3 que deber\u00eda emitirse una nueva.<br \/>\nEn contraste, el ministro Jorge Mario Pardo Rebolledo se\u00f1al\u00f3: \u201cDifiero de los que ven en la Ley de Seguridad Interior un ley de Seguridad P\u00fablica. No es una Ley de Seguridad P\u00fablica\u201d.<\/p>\n<p>Y a\u00f1adi\u00f3: \u201cEn mi opini\u00f3n, la Ley de Seguridad Interior no est\u00e1 regulando la seguridad p\u00fablica y tampoco est\u00e1 empoderando a las fuerzas armadas\u201d.<\/p>\n<p>Antes de concluir la sesi\u00f3n, la ministra Margarita Lunas Ramos se retir\u00f3 del pleno y no vot\u00f3, pero al inicio se pronunci\u00f3 por la invalidez de la pol\u00e9mica.<\/p>\n","protected":false},"excerpt":{"rendered":"<p>Con nueve votos a favor y uno en contra, la Suprema Corte de Justicia de la Naci\u00f3n (SCJN) invalid\u00f3 en su totalidad esta tarde la Ley de Seguridad Interior, con la que se buscaba regular la actuaci\u00f3n de las fuerzas armadas en la lucha contra el crimen organizado. Los ministros del alto tribunal consideraron que [&hellip;]<\/p>\n","protected":false},"author":2,"featured_media":365362,"comment_status":"closed","ping_status":"closed","sticky":false,"template":"","format":"standard","meta":{"footnotes":""},"categories":[3],"tags":[],"class_list":["post-365372","post","type-post","status-publish","format-standard","has-post-thumbnail","hentry","category-nacional"],"_links":{"self":[{"href":"https:\/\/diarioavancetabasco.com\/index.php?rest_route=\/wp\/v2\/posts\/365372","targetHints":{"allow":["GET"]}}],"collection":[{"href":"https:\/\/diarioavancetabasco.com\/index.php?rest_route=\/wp\/v2\/posts"}],"about":[{"href":"https:\/\/diarioavancetabasco.com\/index.php?rest_route=\/wp\/v2\/types\/post"}],"author":[{"embeddable":true,"href":"https:\/\/diarioavancetabasco.com\/index.php?rest_route=\/wp\/v2\/users\/2"}],"replies":[{"embeddable":true,"href":"https:\/\/diarioavancetabasco.com\/index.php?rest_route=%2Fwp%2Fv2%2Fcomments&post=365372"}],"version-history":[{"count":2,"href":"https:\/\/diarioavancetabasco.com\/index.php?rest_route=\/wp\/v2\/posts\/365372\/revisions"}],"predecessor-version":[{"id":365412,"href":"https:\/\/diarioavancetabasco.com\/index.php?rest_route=\/wp\/v2\/posts\/365372\/revisions\/365412"}],"wp:featuredmedia":[{"embeddable":true,"href":"https:\/\/diarioavancetabasco.com\/index.php?rest_route=\/wp\/v2\/media\/365362"}],"wp:attachment":[{"href":"https:\/\/diarioavancetabasco.com\/index.php?rest_route=%2Fwp%2Fv2%2Fmedia&parent=365372"}],"wp:term":[{"taxonomy":"category","embeddable":true,"href":"https:\/\/diarioavancetabasco.com\/index.php?rest_route=%2Fwp%2Fv2%2Fcategories&post=365372"},{"taxonomy":"post_tag","embeddable":true,"href":"https:\/\/diarioavancetabasco.com\/index.php?rest_route=%2Fwp%2Fv2%2Ftags&post=365372"}],"curies":[{"name":"wp","href":"https:\/\/api.w.org\/{rel}","templated":true}]}}