{"id":365399,"date":"2018-11-16T00:19:29","date_gmt":"2018-11-16T06:19:29","guid":{"rendered":"http:\/\/diarioavancetabasco.com\/?p=365399"},"modified":"2018-11-16T00:19:37","modified_gmt":"2018-11-16T06:19:37","slug":"marchesin-y-dybala-van-de-inicio-ante-tri","status":"publish","type":"post","link":"https:\/\/diarioavancetabasco.com\/?p=365399","title":{"rendered":"Marches\u00edn y Dybala van de inicio ante Tri"},"content":{"rendered":"<p><!--\np.p1 {margin: 0.0px 0.0px 0.0px 0.0px; text-align: justify; line-height: 10.0px; font: 10.0px Whitman}\np.p2 {margin: 0.0px 0.0px 0.0px 0.0px; text-align: justify; text-indent: 6.0px; line-height: 10.0px; font: 10.0px Whitman}\nspan.s1 {letter-spacing: -0.2px}\n-->Lionel Scaloni, t\u00e9cnico interino de la Selecci\u00f3n de\u00a0Argentina\u00a0confirm\u00f3 el 11 inicial para el primer duelo ante su similar de\u00a0M\u00e9xico, en donde destaca la inclusi\u00f3n de Agust\u00edn Marches\u00edn, guardameta del Am\u00e9rica, as\u00ed como de Paulo Dybala, figura de la Juventus.<\/p>\n<p>En conferencia de prensa, el estratega confirm\u00f3 que saldr\u00e1 con\u00a0Marches\u00edn; Renzo Saravia, Juan Foyth o Gabriel Mercado, Ramiro Funes Mori y Nicol\u00e1s Tagliafico; \u00c1ngel Correa, Giovani Lo Celso, Leandro Paredes y Marcos Acu\u00f1a;\u00a0Dybala\u00a0y Lautaro Mart\u00ednez en una formaci\u00f3n 4-4-2.<\/p>\n<p>Adem\u00e1s, se\u00f1al\u00f3 que para el segundo encuentro modificar\u00e1 la alineaci\u00f3n y el esquema para darle oportunidad a otras figuras como el atacante\u00a0Mauro Icardi.\u00a0\u201cNo pensamos en afianzar un once titular ya que no pensamos m\u00e1s all\u00e1 de estos seis partidos\u201d, reconoci\u00f3 tras la practica del d\u00eda.<\/p>\n","protected":false},"excerpt":{"rendered":"<p>Lionel Scaloni, t\u00e9cnico interino de la Selecci\u00f3n de\u00a0Argentina\u00a0confirm\u00f3 el 11 inicial para el primer duelo ante su similar de\u00a0M\u00e9xico, en donde destaca la inclusi\u00f3n de Agust\u00edn Marches\u00edn, guardameta del Am\u00e9rica, as\u00ed como de Paulo Dybala, figura de la Juventus. En conferencia de prensa, el estratega confirm\u00f3 que saldr\u00e1 con\u00a0Marches\u00edn; Renzo Saravia, Juan Foyth o Gabriel [&hellip;]<\/p>\n","protected":false},"author":2,"featured_media":365395,"comment_status":"closed","ping_status":"closed","sticky":false,"template":"","format":"standard","meta":{"footnotes":""},"categories":[6],"tags":[],"class_list":["post-365399","post","type-post","status-publish","format-standard","has-post-thumbnail","hentry","category-deportes"],"_links":{"self":[{"href":"https:\/\/diarioavancetabasco.com\/index.php?rest_route=\/wp\/v2\/posts\/365399","targetHints":{"allow":["GET"]}}],"collection":[{"href":"https:\/\/diarioavancetabasco.com\/index.php?rest_route=\/wp\/v2\/posts"}],"about":[{"href":"https:\/\/diarioavancetabasco.com\/index.php?rest_route=\/wp\/v2\/types\/post"}],"author":[{"embeddable":true,"href":"https:\/\/diarioavancetabasco.com\/index.php?rest_route=\/wp\/v2\/users\/2"}],"replies":[{"embeddable":true,"href":"https:\/\/diarioavancetabasco.com\/index.php?rest_route=%2Fwp%2Fv2%2Fcomments&post=365399"}],"version-history":[{"count":2,"href":"https:\/\/diarioavancetabasco.com\/index.php?rest_route=\/wp\/v2\/posts\/365399\/revisions"}],"predecessor-version":[{"id":365414,"href":"https:\/\/diarioavancetabasco.com\/index.php?rest_route=\/wp\/v2\/posts\/365399\/revisions\/365414"}],"wp:featuredmedia":[{"embeddable":true,"href":"https:\/\/diarioavancetabasco.com\/index.php?rest_route=\/wp\/v2\/media\/365395"}],"wp:attachment":[{"href":"https:\/\/diarioavancetabasco.com\/index.php?rest_route=%2Fwp%2Fv2%2Fmedia&parent=365399"}],"wp:term":[{"taxonomy":"category","embeddable":true,"href":"https:\/\/diarioavancetabasco.com\/index.php?rest_route=%2Fwp%2Fv2%2Fcategories&post=365399"},{"taxonomy":"post_tag","embeddable":true,"href":"https:\/\/diarioavancetabasco.com\/index.php?rest_route=%2Fwp%2Fv2%2Ftags&post=365399"}],"curies":[{"name":"wp","href":"https:\/\/api.w.org\/{rel}","templated":true}]}}