{"id":365454,"date":"2018-11-17T00:01:10","date_gmt":"2018-11-17T06:01:10","guid":{"rendered":"http:\/\/diarioavancetabasco.com\/?p=365454"},"modified":"2018-11-17T00:01:12","modified_gmt":"2018-11-17T06:01:12","slug":"sale-caravana-de-ayuda-a-la-costa","status":"publish","type":"post","link":"https:\/\/diarioavancetabasco.com\/?p=365454","title":{"rendered":"Sale caravana de ayuda a la costa"},"content":{"rendered":"<p><!--\np.p1 {margin: 0.0px 0.0px 0.0px 0.0px; text-align: justify; line-height: 10.0px; font: 52.0px Whitman}\np.p2 {margin: 0.0px 0.0px 0.0px 0.0px; text-align: justify; line-height: 10.0px; font: 10.0px Whitman}\np.p3 {margin: 0.0px 0.0px 0.0px 0.0px; text-align: justify; text-indent: 6.0px; line-height: 10.0px; font: 10.0px Whitman}\nspan.s1 {letter-spacing: -0.2px}\n-->C\u00c1RDENAS, TAB.- Con la organizaci\u00f3n conjunta del ayuntamiento que encabeza Armando Beltr\u00e1n Tenorio y las donaciones de despensa que realizara\u00a0 la diputada federal Teresa Burelo Cort\u00e1zar con Personal de Protecci\u00f3n Civil, transportan 600 despensas y media tonelada de agua, que han sido acopiadas y enviadas a los habitantes del ejido El Alacr\u00e1n, en una comitiva encabezada por el Director administrativo, Alejandro Jim\u00e9nez P\u00e9rez.<\/p>\n<p>A primeras horas del d\u00eda una comitiva conformada por personal de protecci\u00f3n civil municipal, comandada por su titular, Casimiro Gamas Zamudio, realizaban los preparativos para encaminar sus esfuerzos a la costa grande, donde un sinn\u00fameros de familias\u00a0 se encuentran incomunicados, tras el paso del frente fr\u00edo n\u00famero 10 qu\u00e9 ha dejado severas afectaciones desde el ejido El Alacr\u00e1n hasta la punta.<\/p>\n<p>Protecci\u00f3n Civil municipal se prepara para seguir llevando apoyo a las familias afectadas que a\u00fan permanecen en aquel lugar, Pese a la escasez de recursos, las autoridades no escatiman esfuerzos por atender a los damnificados de la costa cardenense, consistentes en v\u00edveres, agua y despensas.<\/p>\n","protected":false},"excerpt":{"rendered":"<p>C\u00c1RDENAS, TAB.- Con la organizaci\u00f3n conjunta del ayuntamiento que encabeza Armando Beltr\u00e1n Tenorio y las donaciones de despensa que realizara\u00a0 la diputada federal Teresa Burelo Cort\u00e1zar con Personal de Protecci\u00f3n Civil, transportan 600 despensas y media tonelada de agua, que han sido acopiadas y enviadas a los habitantes del ejido El Alacr\u00e1n, en una comitiva [&hellip;]<\/p>\n","protected":false},"author":2,"featured_media":365431,"comment_status":"closed","ping_status":"closed","sticky":false,"template":"","format":"standard","meta":{"footnotes":""},"categories":[12],"tags":[],"class_list":["post-365454","post","type-post","status-publish","format-standard","has-post-thumbnail","hentry","category-municipios"],"_links":{"self":[{"href":"https:\/\/diarioavancetabasco.com\/index.php?rest_route=\/wp\/v2\/posts\/365454","targetHints":{"allow":["GET"]}}],"collection":[{"href":"https:\/\/diarioavancetabasco.com\/index.php?rest_route=\/wp\/v2\/posts"}],"about":[{"href":"https:\/\/diarioavancetabasco.com\/index.php?rest_route=\/wp\/v2\/types\/post"}],"author":[{"embeddable":true,"href":"https:\/\/diarioavancetabasco.com\/index.php?rest_route=\/wp\/v2\/users\/2"}],"replies":[{"embeddable":true,"href":"https:\/\/diarioavancetabasco.com\/index.php?rest_route=%2Fwp%2Fv2%2Fcomments&post=365454"}],"version-history":[{"count":2,"href":"https:\/\/diarioavancetabasco.com\/index.php?rest_route=\/wp\/v2\/posts\/365454\/revisions"}],"predecessor-version":[{"id":365490,"href":"https:\/\/diarioavancetabasco.com\/index.php?rest_route=\/wp\/v2\/posts\/365454\/revisions\/365490"}],"wp:featuredmedia":[{"embeddable":true,"href":"https:\/\/diarioavancetabasco.com\/index.php?rest_route=\/wp\/v2\/media\/365431"}],"wp:attachment":[{"href":"https:\/\/diarioavancetabasco.com\/index.php?rest_route=%2Fwp%2Fv2%2Fmedia&parent=365454"}],"wp:term":[{"taxonomy":"category","embeddable":true,"href":"https:\/\/diarioavancetabasco.com\/index.php?rest_route=%2Fwp%2Fv2%2Fcategories&post=365454"},{"taxonomy":"post_tag","embeddable":true,"href":"https:\/\/diarioavancetabasco.com\/index.php?rest_route=%2Fwp%2Fv2%2Ftags&post=365454"}],"curies":[{"name":"wp","href":"https:\/\/api.w.org\/{rel}","templated":true}]}}