{"id":365538,"date":"2018-11-20T00:54:54","date_gmt":"2018-11-20T06:54:54","guid":{"rendered":"http:\/\/diarioavancetabasco.com\/?p=365538"},"modified":"2018-11-20T00:54:55","modified_gmt":"2018-11-20T06:54:55","slug":"consolido-dif-tabasco-137-programas-olan","status":"publish","type":"post","link":"https:\/\/diarioavancetabasco.com\/?p=365538","title":{"rendered":"Consolid\u00f3 DIF Tabasco 137 programas: Ol\u00e1n"},"content":{"rendered":"<p><!--\np.p1 {margin: 0.0px 0.0px 0.0px 0.0px; text-align: justify; line-height: 10.0px; font: 10.0px Whitman}\np.p2 {margin: 0.0px 0.0px 0.0px 0.0px; text-align: justify; text-indent: 6.0px; line-height: 10.0px; font: 10.0px Whitman}\nspan.s1 {letter-spacing: -0.2px}\n-->El coordinador general del sistema DIF Tabasco, Gerardo Ol\u00e1n Morales, inform\u00f3 que esta instituci\u00f3n ha brindado apoyo a la poblaci\u00f3n, beneficiando a m\u00e1s de 200 mil personas en sus diferentes centros asistenciales.<\/p>\n<p>El organismo asistencial, consolid\u00f3 con alto sentido social y humano 137 programas y acciones para mejorar la calidad de vida de grupos vulnerables como ni\u00f1as, ni\u00f1os y adolescentes; j\u00f3venes; mujeres; adultos mayores; personas con discapacidad; y la familia en su conjunto, sostuvo.<\/p>\n","protected":false},"excerpt":{"rendered":"<p>El coordinador general del sistema DIF Tabasco, Gerardo Ol\u00e1n Morales, inform\u00f3 que esta instituci\u00f3n ha brindado apoyo a la poblaci\u00f3n, beneficiando a m\u00e1s de 200 mil personas en sus diferentes centros asistenciales. El organismo asistencial, consolid\u00f3 con alto sentido social y humano 137 programas y acciones para mejorar la calidad de vida de grupos vulnerables [&hellip;]<\/p>\n","protected":false},"author":2,"featured_media":365519,"comment_status":"closed","ping_status":"closed","sticky":false,"template":"","format":"standard","meta":{"footnotes":""},"categories":[9],"tags":[],"class_list":["post-365538","post","type-post","status-publish","format-standard","has-post-thumbnail","hentry","category-politica"],"_links":{"self":[{"href":"https:\/\/diarioavancetabasco.com\/index.php?rest_route=\/wp\/v2\/posts\/365538","targetHints":{"allow":["GET"]}}],"collection":[{"href":"https:\/\/diarioavancetabasco.com\/index.php?rest_route=\/wp\/v2\/posts"}],"about":[{"href":"https:\/\/diarioavancetabasco.com\/index.php?rest_route=\/wp\/v2\/types\/post"}],"author":[{"embeddable":true,"href":"https:\/\/diarioavancetabasco.com\/index.php?rest_route=\/wp\/v2\/users\/2"}],"replies":[{"embeddable":true,"href":"https:\/\/diarioavancetabasco.com\/index.php?rest_route=%2Fwp%2Fv2%2Fcomments&post=365538"}],"version-history":[{"count":2,"href":"https:\/\/diarioavancetabasco.com\/index.php?rest_route=\/wp\/v2\/posts\/365538\/revisions"}],"predecessor-version":[{"id":365583,"href":"https:\/\/diarioavancetabasco.com\/index.php?rest_route=\/wp\/v2\/posts\/365538\/revisions\/365583"}],"wp:featuredmedia":[{"embeddable":true,"href":"https:\/\/diarioavancetabasco.com\/index.php?rest_route=\/wp\/v2\/media\/365519"}],"wp:attachment":[{"href":"https:\/\/diarioavancetabasco.com\/index.php?rest_route=%2Fwp%2Fv2%2Fmedia&parent=365538"}],"wp:term":[{"taxonomy":"category","embeddable":true,"href":"https:\/\/diarioavancetabasco.com\/index.php?rest_route=%2Fwp%2Fv2%2Fcategories&post=365538"},{"taxonomy":"post_tag","embeddable":true,"href":"https:\/\/diarioavancetabasco.com\/index.php?rest_route=%2Fwp%2Fv2%2Ftags&post=365538"}],"curies":[{"name":"wp","href":"https:\/\/api.w.org\/{rel}","templated":true}]}}