{"id":365540,"date":"2018-11-20T00:55:36","date_gmt":"2018-11-20T06:55:36","guid":{"rendered":"http:\/\/diarioavancetabasco.com\/?p=365540"},"modified":"2018-11-20T00:55:49","modified_gmt":"2018-11-20T06:55:49","slug":"secretaria-de-energia-ya-tiene-sede-en-tabasco","status":"publish","type":"post","link":"https:\/\/diarioavancetabasco.com\/?p=365540","title":{"rendered":"Secretar\u00eda de Energ\u00eda ya  tiene sede en Tabasco"},"content":{"rendered":"<p><!--\np.p1 {margin: 0.0px 0.0px 0.0px 0.0px; text-align: justify; line-height: 10.0px; font: 52.0px Whitman}\np.p2 {margin: 0.0px 0.0px 0.0px 0.0px; text-align: justify; line-height: 10.0px; font: 10.0px Whitman}\np.p3 {margin: 0.0px 0.0px 0.0px 0.0px; text-align: justify; text-indent: 6.0px; line-height: 10.0px; font: 10.0px Whitman}\nspan.s1 {letter-spacing: -0.1px}\n-->El gobernador electo Adan Augusto L\u00f3pez Hern\u00e1dez, en entrevista inform\u00f3 que las oficinas ubicadas en Paseo Usumacinta de Gas y Petroqu\u00edmica B\u00e1sica de Petr\u00f3leos Mexicanos (PEMEX)\u00a0 ser\u00e1 la sede de las oficinas de la Secretar\u00eda de Energ\u00eda a partir del 01 de enero.<\/p>\n<p>Al decir que esperan a la salida de la primera licitaci\u00f3n de la Refiner\u00eda, la cual corresponde a la barda, el gobernador electo remarc\u00f3 que son 8 mil millones de d\u00f3lares, un promedio de 160 mil millones de pesos en tres a\u00f1os; a lo que se suma 55 mil millones de pesos por a\u00f1o para reactivar la producci\u00f3n petrolera, 40 mil millones de pesos m\u00e1s para el gas; as\u00ed como la obra p\u00fablica en el municipio de Centro, con una nueva planta potabilizadora y el tratamiento de las aguas negras.<\/p>\n<p>A\u00f1adi\u00f3 que se trababa en el presupuesto del a\u00f1o pr\u00f3ximo, sin embargo aclar\u00f3 que no puede adelantar cu\u00e1nto ser\u00eda hasta que no lo presenten.<\/p>\n<p>\u201cNo adelanten v\u00edsperas, vamos a esperar\u201d, se\u00f1al\u00f3.<\/p>\n<p>As\u00ed tambi\u00e9n precis\u00f3 que se vive en un estado de derecho, y quien haya presentado un acto de insconstitucionalidad, enfatizando el que estado ser\u00e1 respetuoso de lo que se determine por las autoridades.<\/p>\n<p>\u201cEsa ley era para aligerar las cosas, pero la ley org\u00e1nica de Petr\u00f3leos Mexicanos, las leyes federales preveen qu\u00e9 hacer en este tipo de procedimientos\u201d.<\/p>\n","protected":false},"excerpt":{"rendered":"<p>El gobernador electo Adan Augusto L\u00f3pez Hern\u00e1dez, en entrevista inform\u00f3 que las oficinas ubicadas en Paseo Usumacinta de Gas y Petroqu\u00edmica B\u00e1sica de Petr\u00f3leos Mexicanos (PEMEX)\u00a0 ser\u00e1 la sede de las oficinas de la Secretar\u00eda de Energ\u00eda a partir del 01 de enero. Al decir que esperan a la salida de la primera licitaci\u00f3n de [&hellip;]<\/p>\n","protected":false},"author":2,"featured_media":365525,"comment_status":"closed","ping_status":"closed","sticky":false,"template":"","format":"standard","meta":{"footnotes":""},"categories":[9],"tags":[],"class_list":["post-365540","post","type-post","status-publish","format-standard","has-post-thumbnail","hentry","category-politica"],"_links":{"self":[{"href":"https:\/\/diarioavancetabasco.com\/index.php?rest_route=\/wp\/v2\/posts\/365540","targetHints":{"allow":["GET"]}}],"collection":[{"href":"https:\/\/diarioavancetabasco.com\/index.php?rest_route=\/wp\/v2\/posts"}],"about":[{"href":"https:\/\/diarioavancetabasco.com\/index.php?rest_route=\/wp\/v2\/types\/post"}],"author":[{"embeddable":true,"href":"https:\/\/diarioavancetabasco.com\/index.php?rest_route=\/wp\/v2\/users\/2"}],"replies":[{"embeddable":true,"href":"https:\/\/diarioavancetabasco.com\/index.php?rest_route=%2Fwp%2Fv2%2Fcomments&post=365540"}],"version-history":[{"count":2,"href":"https:\/\/diarioavancetabasco.com\/index.php?rest_route=\/wp\/v2\/posts\/365540\/revisions"}],"predecessor-version":[{"id":365584,"href":"https:\/\/diarioavancetabasco.com\/index.php?rest_route=\/wp\/v2\/posts\/365540\/revisions\/365584"}],"wp:featuredmedia":[{"embeddable":true,"href":"https:\/\/diarioavancetabasco.com\/index.php?rest_route=\/wp\/v2\/media\/365525"}],"wp:attachment":[{"href":"https:\/\/diarioavancetabasco.com\/index.php?rest_route=%2Fwp%2Fv2%2Fmedia&parent=365540"}],"wp:term":[{"taxonomy":"category","embeddable":true,"href":"https:\/\/diarioavancetabasco.com\/index.php?rest_route=%2Fwp%2Fv2%2Fcategories&post=365540"},{"taxonomy":"post_tag","embeddable":true,"href":"https:\/\/diarioavancetabasco.com\/index.php?rest_route=%2Fwp%2Fv2%2Ftags&post=365540"}],"curies":[{"name":"wp","href":"https:\/\/api.w.org\/{rel}","templated":true}]}}