{"id":365623,"date":"2018-11-21T00:12:40","date_gmt":"2018-11-21T06:12:40","guid":{"rendered":"http:\/\/diarioavancetabasco.com\/?p=365623"},"modified":"2018-11-21T00:12:42","modified_gmt":"2018-11-21T06:12:42","slug":"se-suma-ujat-a-proyectos-en-favor-de-sectores-vulnerables","status":"publish","type":"post","link":"https:\/\/diarioavancetabasco.com\/?p=365623","title":{"rendered":"Se suma UJAT a proyectos en  favor de sectores vulnerables"},"content":{"rendered":"<p><!--\np.p1 {margin: 0.0px 0.0px 0.0px 0.0px; text-align: justify; text-indent: 6.0px; line-height: 10.0px; font: 10.0px Whitman}\nspan.s1 {letter-spacing: -0.2px}\n-->Ayer al medio d\u00eda, la Universidad Ju\u00e1rez Aut\u00f3noma de Tabasco (UJAT), llev\u00f3 acabo la firma un convenio general de colaboraci\u00f3n con\u00a0el prop\u00f3sito de sumar en esfuerzo en beneficio de sectores vulnerables e impulsar un visi\u00f3n compartida de responsabilidad social, mismo que fue signado por el rector de la m\u00e1xima casa de estudios, Jos\u00e9 Manuel Pi\u00f1a Guti\u00e9rrez y\u00a0el presidente de la Fundaci\u00f3n La Esperanza de los Ni\u00f1os A.C, Ricardo Marcel Ortiz \u00c1lvarez.<\/p>\n<p>Durante su participaci\u00f3n, Jos\u00e9 Manuel Pi\u00f1a Guti\u00e9rrez, se\u00f1al\u00f3 que \u00a0con este convenio\u00a0\u00a0se tendr\u00e1 la posibilidad de realizar proyectos y acciones de capacitaci\u00f3n en zonas rurales con el objetivo de promover el desarrollo econ\u00f3mico y social de los habitantes de ejidos y comunidades de Tabasco \u201cLo que nos permitir\u00e1, al mismo tiempo, consolidar los objetivos de ambas instituciones y servir de una manera m\u00e1s eficiente a la sociedad\u201d.<\/p>\n<p>El l\u00edder \u00a0de los juchimanes agreg\u00f3 que esta alianza se suma a los esfuerzos de la UJAT en actividades de responsabilidad social tales como la entrega de pr\u00f3tesis mamarias a mujeres de escasos recursos, as\u00ed como la campa\u00f1a Tapas por Vida, que busca obtener recursos para la atenci\u00f3n de ni\u00f1os que sufren c\u00e1ncer.<\/p>\n<p>\u201cPor \u00a0ello celebro que podamos cristalizar esta alianza que nos brinda la posibilidad de organizar e impartir cursos, talleres, diplomados de manera conjunta, as\u00ed como diversas acciones en beneficio de las clases m\u00e1s desprotegidas\u201d<\/p>\n<p>Por \u00a0su parte el\u00a0presidente de la Fundaci\u00f3n La Esperanza de los Ni\u00f1os A.C, Ricardo Marcel Ortiz \u00c1lvarez, agradeci\u00f3 a las autoridades de la UJAT sumarse a los esfuerzos por trascender de esta organizaci\u00f3n que busca en todo momento, trabajar en pro de la integridad, salud y desarrollo de los ni\u00f1os en el estado de Tabasco \u201cTenemos la certeza de que el trabajo que realizaremos con la UJAT ser\u00e1 un gran aliciente para la ni\u00f1ez tabasque\u00f1a\u201d.<\/p>\n","protected":false},"excerpt":{"rendered":"<p>Ayer al medio d\u00eda, la Universidad Ju\u00e1rez Aut\u00f3noma de Tabasco (UJAT), llev\u00f3 acabo la firma un convenio general de colaboraci\u00f3n con\u00a0el prop\u00f3sito de sumar en esfuerzo en beneficio de sectores vulnerables e impulsar un visi\u00f3n compartida de responsabilidad social, mismo que fue signado por el rector de la m\u00e1xima casa de estudios, Jos\u00e9 Manuel Pi\u00f1a [&hellip;]<\/p>\n","protected":false},"author":2,"featured_media":365594,"comment_status":"closed","ping_status":"closed","sticky":false,"template":"","format":"standard","meta":{"footnotes":""},"categories":[9],"tags":[],"class_list":["post-365623","post","type-post","status-publish","format-standard","has-post-thumbnail","hentry","category-politica"],"_links":{"self":[{"href":"https:\/\/diarioavancetabasco.com\/index.php?rest_route=\/wp\/v2\/posts\/365623","targetHints":{"allow":["GET"]}}],"collection":[{"href":"https:\/\/diarioavancetabasco.com\/index.php?rest_route=\/wp\/v2\/posts"}],"about":[{"href":"https:\/\/diarioavancetabasco.com\/index.php?rest_route=\/wp\/v2\/types\/post"}],"author":[{"embeddable":true,"href":"https:\/\/diarioavancetabasco.com\/index.php?rest_route=\/wp\/v2\/users\/2"}],"replies":[{"embeddable":true,"href":"https:\/\/diarioavancetabasco.com\/index.php?rest_route=%2Fwp%2Fv2%2Fcomments&post=365623"}],"version-history":[{"count":2,"href":"https:\/\/diarioavancetabasco.com\/index.php?rest_route=\/wp\/v2\/posts\/365623\/revisions"}],"predecessor-version":[{"id":365660,"href":"https:\/\/diarioavancetabasco.com\/index.php?rest_route=\/wp\/v2\/posts\/365623\/revisions\/365660"}],"wp:featuredmedia":[{"embeddable":true,"href":"https:\/\/diarioavancetabasco.com\/index.php?rest_route=\/wp\/v2\/media\/365594"}],"wp:attachment":[{"href":"https:\/\/diarioavancetabasco.com\/index.php?rest_route=%2Fwp%2Fv2%2Fmedia&parent=365623"}],"wp:term":[{"taxonomy":"category","embeddable":true,"href":"https:\/\/diarioavancetabasco.com\/index.php?rest_route=%2Fwp%2Fv2%2Fcategories&post=365623"},{"taxonomy":"post_tag","embeddable":true,"href":"https:\/\/diarioavancetabasco.com\/index.php?rest_route=%2Fwp%2Fv2%2Ftags&post=365623"}],"curies":[{"name":"wp","href":"https:\/\/api.w.org\/{rel}","templated":true}]}}