{"id":365643,"date":"2018-11-21T00:21:39","date_gmt":"2018-11-21T06:21:39","guid":{"rendered":"http:\/\/diarioavancetabasco.com\/?p=365643"},"modified":"2018-11-21T00:21:42","modified_gmt":"2018-11-21T06:21:42","slug":"instala-sdet-comite-de-etica","status":"publish","type":"post","link":"https:\/\/diarioavancetabasco.com\/?p=365643","title":{"rendered":"Instala SDET Comit\u00e9 de \u00c9tica"},"content":{"rendered":"<p><!--\np.p1 {margin: 0.0px 0.0px 0.0px 0.0px; text-align: justify; line-height: 10.0px; font: 10.0px Whitman}\np.p2 {margin: 0.0px 0.0px 0.0px 0.0px; text-align: justify; text-indent: 6.0px; line-height: 10.0px; font: 10.0px Whitman}\n-->La Secretar\u00eda de Desarrollo Econ\u00f3mico y Turismo (SDET) instal\u00f3 el Comit\u00e9 de \u00c9tica y Prevenci\u00f3n de Conflicto de Inter\u00e9s, organismo que tiene como prop\u00f3sito prevenir actos de corrupci\u00f3n, salvaguardar y vigilar el comportamiento de los servidores p\u00fablicos de la dependencia.<\/p>\n<p>Al presidir el evento, Wilver M\u00e9ndez Maga\u00f1a, titular de la SDET, explic\u00f3 que la \u00e9tica de la responsabilidad es aquella que parte de las reglas bajo las cuales nos debemos conducir, asumirla como servidor p\u00fablico y dar cumplimiento de la misma, sin importar lo que pueda venir o si se afectan intereses no \u00e9ticos, de ah\u00ed la importancia de nombrar este Comit\u00e9.<\/p>\n<p>M\u00e9ndez Maga\u00f1a conmin\u00f3 a quienes fueron elegidos por los propios compa\u00f1eros servidores p\u00fablicos, a refrendar cada uno dicha conducta, no s\u00f3lo por estar obligados sino por sentirla y asumirla como una responsabilidad personal.<\/p>\n<p>Forman parte de este organismo Mario Enrique Merino Trujillo, Jorge Adolfo Estrada Taracena, Giovanni Marcia Torres, Adausto Garc\u00eda P\u00e9rez, Gerardo Gonz\u00e1lez Mart\u00ednez, Edith Rosario Dom\u00ednguez Gonz\u00e1lez, Gardenia Medina Sol, Rom\u00e1n Bautista M\u00e9ndez, Ana Patricia Vel\u00e1zquez de la Cruz, Francisco Marcelino de la Cruz Garc\u00eda, Leticia Morales D\u00edaz, Leydi Lezama Moo.<\/p>\n<p>Acompa\u00f1ado del director Administrativo y presidente del Comit\u00e9, Mario Hern\u00e1ndez; del titular de la Unidad de Asuntos Jur\u00eddicos, y secretario del nuevo organismo, Felipe de Jes\u00fas Garc\u00eda Maga\u00f1a; y de la jefa del Departamento de Responsabilidades del \u00d3rgano Interno de Control, Alejandra del Valle, Wilver M\u00e9ndez entreg\u00f3 los nombramientos respectivos.<\/p>\n","protected":false},"excerpt":{"rendered":"<p>La Secretar\u00eda de Desarrollo Econ\u00f3mico y Turismo (SDET) instal\u00f3 el Comit\u00e9 de \u00c9tica y Prevenci\u00f3n de Conflicto de Inter\u00e9s, organismo que tiene como prop\u00f3sito prevenir actos de corrupci\u00f3n, salvaguardar y vigilar el comportamiento de los servidores p\u00fablicos de la dependencia. Al presidir el evento, Wilver M\u00e9ndez Maga\u00f1a, titular de la SDET, explic\u00f3 que la \u00e9tica [&hellip;]<\/p>\n","protected":false},"author":2,"featured_media":365610,"comment_status":"closed","ping_status":"closed","sticky":false,"template":"","format":"standard","meta":{"footnotes":""},"categories":[9],"tags":[],"class_list":["post-365643","post","type-post","status-publish","format-standard","has-post-thumbnail","hentry","category-politica"],"_links":{"self":[{"href":"https:\/\/diarioavancetabasco.com\/index.php?rest_route=\/wp\/v2\/posts\/365643","targetHints":{"allow":["GET"]}}],"collection":[{"href":"https:\/\/diarioavancetabasco.com\/index.php?rest_route=\/wp\/v2\/posts"}],"about":[{"href":"https:\/\/diarioavancetabasco.com\/index.php?rest_route=\/wp\/v2\/types\/post"}],"author":[{"embeddable":true,"href":"https:\/\/diarioavancetabasco.com\/index.php?rest_route=\/wp\/v2\/users\/2"}],"replies":[{"embeddable":true,"href":"https:\/\/diarioavancetabasco.com\/index.php?rest_route=%2Fwp%2Fv2%2Fcomments&post=365643"}],"version-history":[{"count":2,"href":"https:\/\/diarioavancetabasco.com\/index.php?rest_route=\/wp\/v2\/posts\/365643\/revisions"}],"predecessor-version":[{"id":365670,"href":"https:\/\/diarioavancetabasco.com\/index.php?rest_route=\/wp\/v2\/posts\/365643\/revisions\/365670"}],"wp:featuredmedia":[{"embeddable":true,"href":"https:\/\/diarioavancetabasco.com\/index.php?rest_route=\/wp\/v2\/media\/365610"}],"wp:attachment":[{"href":"https:\/\/diarioavancetabasco.com\/index.php?rest_route=%2Fwp%2Fv2%2Fmedia&parent=365643"}],"wp:term":[{"taxonomy":"category","embeddable":true,"href":"https:\/\/diarioavancetabasco.com\/index.php?rest_route=%2Fwp%2Fv2%2Fcategories&post=365643"},{"taxonomy":"post_tag","embeddable":true,"href":"https:\/\/diarioavancetabasco.com\/index.php?rest_route=%2Fwp%2Fv2%2Ftags&post=365643"}],"curies":[{"name":"wp","href":"https:\/\/api.w.org\/{rel}","templated":true}]}}