{"id":365759,"date":"2018-11-23T00:48:00","date_gmt":"2018-11-23T06:48:00","guid":{"rendered":"http:\/\/diarioavancetabasco.com\/?p=365759"},"modified":"2018-11-23T00:48:01","modified_gmt":"2018-11-23T06:48:01","slug":"importante-logro-de-aristegui","status":"publish","type":"post","link":"https:\/\/diarioavancetabasco.com\/?p=365759","title":{"rendered":"Importante logro de Aristegui"},"content":{"rendered":"<p><!--\np.p1 {margin: 0.0px 0.0px 0.0px 0.0px; line-height: 10.0px; font: 52.0px Whitman}\np.p2 {margin: 0.0px 0.0px 0.0px 0.0px; line-height: 10.0px; font: 10.0px Whitman}\nspan.s1 {letter-spacing: -0.2px}\n-->Felipa Nery<\/p>\n<p>La periodista Carmen Aristegui, quien regres\u00f3 a los micr\u00f3fonos de radio nacional, por intermediaci\u00f3n del presidente electo Andr\u00e9s Manuel L\u00f3pez Obrador, para que su voz cr\u00edtica siguiera siendo escuchada por los mexicanos, luego de salir del aire durante esta administraci\u00f3n presidencial, a causa de la represi\u00f3n a la libertad de expresi\u00f3n que fue ejercida en su contra por destapar el esc\u00e1ndalo de \u201cla Casa Blanca\u201d, hoy, nuevamente est\u00e1 haciendo periodismo radiof\u00f3nico y el pasado mi\u00e9rcoles entrevist\u00f3 al Presidente electo, a quien dej\u00f3 \u201cexprimido como un lim\u00f3n\u201d,\u00a0 seg\u00fan palabras del propio Andr\u00e9s Manuel, por haber obtenido de \u00e9l importantes declaraciones y compromisos p\u00fablicos de inter\u00e9s para la sociedad mexicana, empezando por realizar una tercera consulta nacional, que cumpla con la disposici\u00f3n constitucional y legislativa, que sea organizada por el Instituto Nacional Electoral, y que trate sobre tres temas de relevante importancia para los mexicanos:\u00a0 la creaci\u00f3n de la Guardia Nacional, la decisi\u00f3n de no abrir procesos legales a los expresidentes de la Rep\u00fablica que hayan cometido actos de corrupci\u00f3n, y la designaci\u00f3n de empresarios como asesores presidenciales. La decisi\u00f3n del presidente electo de crear esta Guardia Nacional bajo el mando del Ej\u00e9rcito Mexicano, ha levantado la inquietud de centenares de organizaciones de la sociedad civil, quienes han exigido al Ejecutivo desistir de continuar con las pol\u00edticas militares adoptadas por Felipe Calder\u00f3n y Enrique Pe\u00f1a, a lo que el presidente electo ha dicho que despu\u00e9s de hacer una consulta a expertos como Juan Ram\u00f3n de la Fuente, Olga S\u00e1nchez y Alejandro Encina, entre otros, se lleg\u00f3 a la conclusi\u00f3n de continuar trabajando con el ej\u00e9rcito, porque no ten\u00eda el conocimiento del grado de descomposici\u00f3n y corrupci\u00f3n en las fuerzas de las polic\u00edas tanto federales, estatales, como municipales y porque hasta el d\u00eda de hoy, el ej\u00e9rcito mexicano es la instituci\u00f3n mexicana m\u00e1s confiable. En relaci\u00f3n a los asesores que dio a conocer hace unos d\u00edas, entre los que se incluye a los due\u00f1os de televisoras, como Ra\u00fal Salinas Pliego, Olegario V\u00e1zquez Ra\u00f1a y otros, L\u00f3pez Obrador dijo que esto lo decidi\u00f3 a propuesta del mismo Ra\u00fal Salinas Pliego, quien propuso que era necesario escuchar la opini\u00f3n de empresarios sobre la problem\u00e1tica social y en cuanto al anuncio que tambi\u00e9n hizo esta semana en una entrevista en \u201cTercer Grado\u201d, de no enjuiciar, ni perseguir a quienes cometieron actos de corrupci\u00f3n gubernamental, el presidente electo dijo que tom\u00f3 esta decisi\u00f3n, para no desatar los demonios que pudieran distraerlo de los prop\u00f3sitos que tiene de trabajar para alcanzar la IV transformaci\u00f3n, ni convulsionar al pa\u00eds, ni exacerbar conflictos; ante esta respuesta, Aristegui le pregunt\u00f3, si tem\u00eda que pudiera pasarle lo mismo que a Francisco I. Madero, y respondi\u00f3, que s\u00ed pudiera ocurrir, en parte. Aunque en el Congreso de la Uni\u00f3n ya se present\u00f3 la iniciativa para reformar 13 art\u00edculos de la Constituci\u00f3n general de la Rep\u00fablica, L\u00f3pez Obrador ofreci\u00f3 que si esta reforma se concreta antes de realizarse la consulta, y si en la consulta la sociedad se pronuncia en contra de la Guardia Nacional, \u00e9l estar\u00eda dispuesto a proponer la derogaci\u00f3n de esta reforma. Importante<\/p>\n","protected":false},"excerpt":{"rendered":"<p>Felipa Nery La periodista Carmen Aristegui, quien regres\u00f3 a los micr\u00f3fonos de radio nacional, por intermediaci\u00f3n del presidente electo Andr\u00e9s Manuel L\u00f3pez Obrador, para que su voz cr\u00edtica siguiera siendo escuchada por los mexicanos, luego de salir del aire durante esta administraci\u00f3n presidencial, a causa de la represi\u00f3n a la libertad de expresi\u00f3n que fue [&hellip;]<\/p>\n","protected":false},"author":2,"featured_media":365760,"comment_status":"closed","ping_status":"closed","sticky":false,"template":"","format":"standard","meta":{"footnotes":""},"categories":[9],"tags":[],"class_list":["post-365759","post","type-post","status-publish","format-standard","has-post-thumbnail","hentry","category-politica"],"_links":{"self":[{"href":"https:\/\/diarioavancetabasco.com\/index.php?rest_route=\/wp\/v2\/posts\/365759","targetHints":{"allow":["GET"]}}],"collection":[{"href":"https:\/\/diarioavancetabasco.com\/index.php?rest_route=\/wp\/v2\/posts"}],"about":[{"href":"https:\/\/diarioavancetabasco.com\/index.php?rest_route=\/wp\/v2\/types\/post"}],"author":[{"embeddable":true,"href":"https:\/\/diarioavancetabasco.com\/index.php?rest_route=\/wp\/v2\/users\/2"}],"replies":[{"embeddable":true,"href":"https:\/\/diarioavancetabasco.com\/index.php?rest_route=%2Fwp%2Fv2%2Fcomments&post=365759"}],"version-history":[{"count":2,"href":"https:\/\/diarioavancetabasco.com\/index.php?rest_route=\/wp\/v2\/posts\/365759\/revisions"}],"predecessor-version":[{"id":365835,"href":"https:\/\/diarioavancetabasco.com\/index.php?rest_route=\/wp\/v2\/posts\/365759\/revisions\/365835"}],"wp:featuredmedia":[{"embeddable":true,"href":"https:\/\/diarioavancetabasco.com\/index.php?rest_route=\/wp\/v2\/media\/365760"}],"wp:attachment":[{"href":"https:\/\/diarioavancetabasco.com\/index.php?rest_route=%2Fwp%2Fv2%2Fmedia&parent=365759"}],"wp:term":[{"taxonomy":"category","embeddable":true,"href":"https:\/\/diarioavancetabasco.com\/index.php?rest_route=%2Fwp%2Fv2%2Fcategories&post=365759"},{"taxonomy":"post_tag","embeddable":true,"href":"https:\/\/diarioavancetabasco.com\/index.php?rest_route=%2Fwp%2Fv2%2Ftags&post=365759"}],"curies":[{"name":"wp","href":"https:\/\/api.w.org\/{rel}","templated":true}]}}