{"id":365798,"date":"2018-11-23T00:43:14","date_gmt":"2018-11-23T06:43:14","guid":{"rendered":"http:\/\/diarioavancetabasco.com\/?p=365798"},"modified":"2018-11-23T00:43:23","modified_gmt":"2018-11-23T06:43:23","slug":"canelo-el-mejor","status":"publish","type":"post","link":"https:\/\/diarioavancetabasco.com\/?p=365798","title":{"rendered":"\u2018Canelo\u2019, el mejor"},"content":{"rendered":"<p><!--\np.p1 {margin: 0.0px 0.0px 0.0px 0.0px; text-align: justify; line-height: 10.0px; font: 52.0px Whitman}\np.p2 {margin: 0.0px 0.0px 0.0px 0.0px; text-align: justify; line-height: 10.0px; font: 10.0px Whitman}\np.p3 {margin: 0.0px 0.0px 0.0px 0.0px; text-align: justify; text-indent: 6.0px; line-height: 10.0px; font: 10.0px Whitman}\nspan.s1 {letter-spacing: -0.2px}\n-->Sa\u00fal \u2018Canelo\u2019 \u00c1lvarez recibi\u00f3 este jueves el Premio Nacional de Deportes 2018 en la categor\u00eda de deporte profesional, de manos del presidente Enrique Pe\u00f1a Nieto en la Residencia Oficial de Los Pinos.<\/p>\n<p>La distinci\u00f3n se da despu\u00e9s de la pelea del mexicano ante el kazajo Gennady \u2018GGG\u2019 Golovkin, a quien quit\u00f3 el invicto y los cetros superw\u00e9lter del Consejo Mundial de Boxeo, Asociaci\u00f3n Mundial de Boxeo y Organizaci\u00f3n Mundial de Boxeo.<\/p>\n<p>Adem\u00e1s, la atleta chihuahuense Alegna Aryday Gonz\u00e1lez Mu\u00f1oz se llev\u00f3 el reconocimiento en la modalidad deporte no profesional tras conquistar la medalla de oro en marcha de 10 mil metros en el Mundial Sub 20 realizado en Finlandia.<\/p>\n<p>Por su parte, en la categor\u00eda deporte paral\u00edmpico, Jos\u00e9 de Jes\u00fas Castillo recibi\u00f3 su premio de manos del Presidente por conquistar la hist\u00f3rica medalla de oro en el Campeonato Mundial de Para-Powerlifting.<\/p>\n","protected":false},"excerpt":{"rendered":"<p>Sa\u00fal \u2018Canelo\u2019 \u00c1lvarez recibi\u00f3 este jueves el Premio Nacional de Deportes 2018 en la categor\u00eda de deporte profesional, de manos del presidente Enrique Pe\u00f1a Nieto en la Residencia Oficial de Los Pinos. La distinci\u00f3n se da despu\u00e9s de la pelea del mexicano ante el kazajo Gennady \u2018GGG\u2019 Golovkin, a quien quit\u00f3 el invicto y los [&hellip;]<\/p>\n","protected":false},"author":2,"featured_media":365800,"comment_status":"closed","ping_status":"closed","sticky":false,"template":"","format":"standard","meta":{"footnotes":""},"categories":[6],"tags":[],"class_list":["post-365798","post","type-post","status-publish","format-standard","has-post-thumbnail","hentry","category-deportes"],"_links":{"self":[{"href":"https:\/\/diarioavancetabasco.com\/index.php?rest_route=\/wp\/v2\/posts\/365798","targetHints":{"allow":["GET"]}}],"collection":[{"href":"https:\/\/diarioavancetabasco.com\/index.php?rest_route=\/wp\/v2\/posts"}],"about":[{"href":"https:\/\/diarioavancetabasco.com\/index.php?rest_route=\/wp\/v2\/types\/post"}],"author":[{"embeddable":true,"href":"https:\/\/diarioavancetabasco.com\/index.php?rest_route=\/wp\/v2\/users\/2"}],"replies":[{"embeddable":true,"href":"https:\/\/diarioavancetabasco.com\/index.php?rest_route=%2Fwp%2Fv2%2Fcomments&post=365798"}],"version-history":[{"count":2,"href":"https:\/\/diarioavancetabasco.com\/index.php?rest_route=\/wp\/v2\/posts\/365798\/revisions"}],"predecessor-version":[{"id":365831,"href":"https:\/\/diarioavancetabasco.com\/index.php?rest_route=\/wp\/v2\/posts\/365798\/revisions\/365831"}],"wp:featuredmedia":[{"embeddable":true,"href":"https:\/\/diarioavancetabasco.com\/index.php?rest_route=\/wp\/v2\/media\/365800"}],"wp:attachment":[{"href":"https:\/\/diarioavancetabasco.com\/index.php?rest_route=%2Fwp%2Fv2%2Fmedia&parent=365798"}],"wp:term":[{"taxonomy":"category","embeddable":true,"href":"https:\/\/diarioavancetabasco.com\/index.php?rest_route=%2Fwp%2Fv2%2Fcategories&post=365798"},{"taxonomy":"post_tag","embeddable":true,"href":"https:\/\/diarioavancetabasco.com\/index.php?rest_route=%2Fwp%2Fv2%2Ftags&post=365798"}],"curies":[{"name":"wp","href":"https:\/\/api.w.org\/{rel}","templated":true}]}}