{"id":365802,"date":"2018-11-23T00:45:52","date_gmt":"2018-11-23T06:45:52","guid":{"rendered":"http:\/\/diarioavancetabasco.com\/?p=365802"},"modified":"2018-11-23T00:46:17","modified_gmt":"2018-11-23T06:46:17","slug":"america-quiere-fiesta-en-el-santa-ursula","status":"publish","type":"post","link":"https:\/\/diarioavancetabasco.com\/?p=365802","title":{"rendered":"Am\u00e9rica quiere fiesta en el Santa \u00darsula"},"content":{"rendered":"<p><!--\np.p1 {margin: 0.0px 0.0px 0.0px 0.0px; text-align: justify; text-indent: 6.0px; line-height: 10.0px; font: 10.0px Whitman}\nspan.s1 {letter-spacing: -0.2px}\n-->Agust\u00edn Marches\u00edn lleg\u00f3 la tarde de este jueves a la capital del pa\u00eds tras concentrarse con Argentina para la Fecha FIFA y a su arribo se dio tiempo para comentar sobre el estado de la cancha de Estadio Azteca.<\/p>\n<p>El guardameta del Am\u00e9rica consider\u00f3 que fue una buena decisi\u00f3n cambiar a Toluca el partido de las \u00c1guilas ante Veracruz, de la Jornada 17, y as\u00ed darle descanso al campo del Coloso de Santa \u00darsula, pero espera pueda estar listo para la Liguilla.<\/p>\n<p>\u201cNosotros nos tenemos que dedicar a jugar. La cancha no est\u00e1 bien, entonces es una buena decisi\u00f3n pensando en nosotros como jugadores y en el estilo de juego del equipo. Obvio queremos jugar la Liguilla en nuestra casa\u201d, coment\u00f3.<\/p>\n<p>Sobre la propuesta que realiz\u00f3Guillermo Cant\u00fa, director deportivo de la Femexfut, de reducir el n\u00famero de extranjeros en la liga, y las palabras de Guillermo Ochoa sobre la calidad de los j\u00f3venes mexicanos, el sudamericano opin\u00f3:<\/p>\n<p>\u201cVienen extranjeros a levantar el nivel de la liga, es muy bueno y positivo. No creo que por eso haya pocos jugadores en Europa ni que sea culpa de los extranjeros. Escuchaba lo que dec\u00eda Memo y tiene mucha raz\u00f3n, es muy dif\u00edcil hablar del tema\u201d.<\/p>\n","protected":false},"excerpt":{"rendered":"<p>Agust\u00edn Marches\u00edn lleg\u00f3 la tarde de este jueves a la capital del pa\u00eds tras concentrarse con Argentina para la Fecha FIFA y a su arribo se dio tiempo para comentar sobre el estado de la cancha de Estadio Azteca. El guardameta del Am\u00e9rica consider\u00f3 que fue una buena decisi\u00f3n cambiar a Toluca el partido de [&hellip;]<\/p>\n","protected":false},"author":2,"featured_media":365799,"comment_status":"closed","ping_status":"closed","sticky":false,"template":"","format":"standard","meta":{"footnotes":""},"categories":[6],"tags":[],"class_list":["post-365802","post","type-post","status-publish","format-standard","has-post-thumbnail","hentry","category-deportes"],"_links":{"self":[{"href":"https:\/\/diarioavancetabasco.com\/index.php?rest_route=\/wp\/v2\/posts\/365802","targetHints":{"allow":["GET"]}}],"collection":[{"href":"https:\/\/diarioavancetabasco.com\/index.php?rest_route=\/wp\/v2\/posts"}],"about":[{"href":"https:\/\/diarioavancetabasco.com\/index.php?rest_route=\/wp\/v2\/types\/post"}],"author":[{"embeddable":true,"href":"https:\/\/diarioavancetabasco.com\/index.php?rest_route=\/wp\/v2\/users\/2"}],"replies":[{"embeddable":true,"href":"https:\/\/diarioavancetabasco.com\/index.php?rest_route=%2Fwp%2Fv2%2Fcomments&post=365802"}],"version-history":[{"count":2,"href":"https:\/\/diarioavancetabasco.com\/index.php?rest_route=\/wp\/v2\/posts\/365802\/revisions"}],"predecessor-version":[{"id":365832,"href":"https:\/\/diarioavancetabasco.com\/index.php?rest_route=\/wp\/v2\/posts\/365802\/revisions\/365832"}],"wp:featuredmedia":[{"embeddable":true,"href":"https:\/\/diarioavancetabasco.com\/index.php?rest_route=\/wp\/v2\/media\/365799"}],"wp:attachment":[{"href":"https:\/\/diarioavancetabasco.com\/index.php?rest_route=%2Fwp%2Fv2%2Fmedia&parent=365802"}],"wp:term":[{"taxonomy":"category","embeddable":true,"href":"https:\/\/diarioavancetabasco.com\/index.php?rest_route=%2Fwp%2Fv2%2Fcategories&post=365802"},{"taxonomy":"post_tag","embeddable":true,"href":"https:\/\/diarioavancetabasco.com\/index.php?rest_route=%2Fwp%2Fv2%2Ftags&post=365802"}],"curies":[{"name":"wp","href":"https:\/\/api.w.org\/{rel}","templated":true}]}}