{"id":365947,"date":"2018-11-26T00:18:39","date_gmt":"2018-11-26T06:18:39","guid":{"rendered":"http:\/\/diarioavancetabasco.com\/?p=365947"},"modified":"2018-11-26T00:18:40","modified_gmt":"2018-11-26T06:18:40","slug":"el-regreso-de-lucas","status":"publish","type":"post","link":"https:\/\/diarioavancetabasco.com\/?p=365947","title":{"rendered":"El regreso de Lucas"},"content":{"rendered":"<p><!--\np.p1 {margin: 0.0px 0.0px 0.0px 0.0px; text-align: justify; line-height: 10.0px; font: 52.0px Whitman}\np.p2 {margin: 0.0px 0.0px 0.0px 0.0px; text-align: justify; line-height: 10.0px; font: 10.0px Whitman}\np.p3 {margin: 0.0px 0.0px 0.0px 0.0px; text-align: justify; text-indent: 6.0px; line-height: 10.0px; font: 10.0px Whitman}\nspan.s1 {letter-spacing: -0.2px}\n-->Nada es lo que parece, \u00e9se es el encanto de la nueva teleserie,\u00a0El regreso de Lucas\u00a0que\u00a0Imagen Televisi\u00f3n\u00a0estrena ma\u00f1ana en punto de las 21:30 horas.<\/p>\n<p>El regreso de Lucas\u00a0es una coproducci\u00f3n entre Per\u00fa y Argentina y consta de 60 cap\u00edtulos de una hora\u00a0 que fueron grabados completamente en Per\u00fa a lo largo de ocho meses.<\/p>\n<p>El elenco est\u00e1 conformado por actores de diversos pa\u00edses, destacando la participaci\u00f3n de Ana Mar\u00eda Orozco, famosa por su rol en\u00a0Yo soy Betty, la fea,telenovela colombiana que rompi\u00f3<br \/>\ntodos los r\u00e9cords de audiencia.<\/p>\n<p>El regreso de Lucas\u00a0gira en torno a un lamentable hecho: la p\u00e9rdida del hijo mayor de la familia D\u00edaz Ayala durante un paseo en la playa.<\/p>\n<p>El peque\u00f1o Lucas, de cuatro a\u00f1os, desaparece sin dejar rastro, rompiendo la paz y armon\u00eda de la familia.<\/p>\n<p>Un buen d\u00eda, tocan a la puerta de la casa de la familia D\u00edaz Ayala y aparece un joven que asegura ser Lucas.<\/p>\n<p>Lo que deber\u00eda ser una gran alegr\u00eda para los D\u00edaz Ayala, parece ser el punto de quiebre que podr\u00eda desmoronar a la familia.<\/p>\n","protected":false},"excerpt":{"rendered":"<p>Nada es lo que parece, \u00e9se es el encanto de la nueva teleserie,\u00a0El regreso de Lucas\u00a0que\u00a0Imagen Televisi\u00f3n\u00a0estrena ma\u00f1ana en punto de las 21:30 horas. El regreso de Lucas\u00a0es una coproducci\u00f3n entre Per\u00fa y Argentina y consta de 60 cap\u00edtulos de una hora\u00a0 que fueron grabados completamente en Per\u00fa a lo largo de ocho meses. El [&hellip;]<\/p>\n","protected":false},"author":2,"featured_media":365948,"comment_status":"closed","ping_status":"closed","sticky":false,"template":"","format":"standard","meta":{"footnotes":""},"categories":[11],"tags":[],"class_list":["post-365947","post","type-post","status-publish","format-standard","has-post-thumbnail","hentry","category-espectaculos"],"_links":{"self":[{"href":"https:\/\/diarioavancetabasco.com\/index.php?rest_route=\/wp\/v2\/posts\/365947","targetHints":{"allow":["GET"]}}],"collection":[{"href":"https:\/\/diarioavancetabasco.com\/index.php?rest_route=\/wp\/v2\/posts"}],"about":[{"href":"https:\/\/diarioavancetabasco.com\/index.php?rest_route=\/wp\/v2\/types\/post"}],"author":[{"embeddable":true,"href":"https:\/\/diarioavancetabasco.com\/index.php?rest_route=\/wp\/v2\/users\/2"}],"replies":[{"embeddable":true,"href":"https:\/\/diarioavancetabasco.com\/index.php?rest_route=%2Fwp%2Fv2%2Fcomments&post=365947"}],"version-history":[{"count":2,"href":"https:\/\/diarioavancetabasco.com\/index.php?rest_route=\/wp\/v2\/posts\/365947\/revisions"}],"predecessor-version":[{"id":365979,"href":"https:\/\/diarioavancetabasco.com\/index.php?rest_route=\/wp\/v2\/posts\/365947\/revisions\/365979"}],"wp:featuredmedia":[{"embeddable":true,"href":"https:\/\/diarioavancetabasco.com\/index.php?rest_route=\/wp\/v2\/media\/365948"}],"wp:attachment":[{"href":"https:\/\/diarioavancetabasco.com\/index.php?rest_route=%2Fwp%2Fv2%2Fmedia&parent=365947"}],"wp:term":[{"taxonomy":"category","embeddable":true,"href":"https:\/\/diarioavancetabasco.com\/index.php?rest_route=%2Fwp%2Fv2%2Fcategories&post=365947"},{"taxonomy":"post_tag","embeddable":true,"href":"https:\/\/diarioavancetabasco.com\/index.php?rest_route=%2Fwp%2Fv2%2Ftags&post=365947"}],"curies":[{"name":"wp","href":"https:\/\/api.w.org\/{rel}","templated":true}]}}