{"id":366093,"date":"2018-11-28T00:36:41","date_gmt":"2018-11-28T06:36:41","guid":{"rendered":"http:\/\/diarioavancetabasco.com\/?p=366093"},"modified":"2018-11-28T00:37:02","modified_gmt":"2018-11-28T06:37:02","slug":"crisis-en-salud-es-por-baja-de-recursos-federales-cerna","status":"publish","type":"post","link":"https:\/\/diarioavancetabasco.com\/?p=366093","title":{"rendered":"Crisis en Salud es por baja de recursos federales: Cerna"},"content":{"rendered":"<p><!--\np.p1 {margin: 0.0px 0.0px 0.0px 0.0px; text-align: justify; line-height: 10.0px; font: 52.0px Whitman}\np.p2 {margin: 0.0px 0.0px 0.0px 0.0px; text-align: justify; line-height: 10.0px; font: 10.0px Whitman}\np.p3 {margin: 0.0px 0.0px 0.0px 0.0px; text-align: justify; text-indent: 6.0px; line-height: 10.0px; font: 10.0px Whitman}\nspan.s1 {letter-spacing: -0.2px}\nspan.s2 {letter-spacing: -0.3px}\n-->Al comparecer ante el pleno de sesiones del Congreso local para la ampliaci\u00f3n de la Glosa del VI Informe de Gobierno, el Secretario de Salud, Rommel Cerna Leeder, asegur\u00f3 que la aportaci\u00f3n de recursos federales para este sector ha bajado hasta en un 50 por ciento.<\/p>\n<p>Por ello, dijo es que en los \u00faltimos es que se ha dilatado la crisis en este sentido. Sin embargo, indic\u00f3 que se sigue trabajando a pesar de las restricciones econ\u00f3micas y los candados para la disposici\u00f3n de recursos.<\/p>\n<p>Por ello solicit\u00f3 a esta Legislatura del Congreso de Tabasco m\u00e1s recursos para el pr\u00f3ximo a\u00f1o para evitar contingencias como la que actualmente se vive.<\/p>\n<p>Se\u00f1al\u00f3 que la salud es una responsabilidad compartida por los tres \u00f3rdenes de gobierno y la sociedad en su conjunto.<\/p>\n<p>\u201cHago un atento llamado a esta soberan\u00eda, para que se considere un incremento presupuestal que garantice un gasto de operaci\u00f3n suficiente, a fin de evitar contingencias como las que est\u00e1n afectando actualmente a nuestros hospitales\u201d, anot\u00f3.<\/p>\n<p>No obstante, acept\u00f3 que en\u00a0 materia de salud siempre se queda uno corto, \u201cya que ante nuevos logros, surgen nuevas necesidades que cada d\u00eda son m\u00e1s complejas\u201d.<\/p>\n<p>No obstante, dijo que hasta el \u00faltimo d\u00eda de este gobierno, se continuar\u00e1n\u200b redoblando esfuerzos para realizar una entrega ordenada y transparente, atendiendo siempre al supremo inter\u00e9s de los tabasque\u00f1os.<\/p>\n<p>Empero, se\u00f1al\u00f3 que para comprender la situaci\u00f3n por la que transita actualmente la Salud P\u00fablica en Tabasco, es necesario hacer referencia de los factores del entorno social que afectan la prestaci\u00f3n de servicios de atenci\u00f3n m\u00e9dica.<\/p>\n<p>\u201cLa crisis petrolera de alcance nacional, ha reducido las participaciones federales hacia los estados petroleros como Tabasco, causando una considerable disminuci\u00f3n en la inversi\u00f3n en salud, que actualmente est\u00e1 afectando severamente la operaci\u00f3n de los servicios de atenci\u00f3n m\u00e9dica\u2019, apunt\u00f3.<\/p>\n<p>Abund\u00f3 que en el comparativo de indicadores de salud de pa\u00edses de la Organizaci\u00f3n para la Cooperaci\u00f3n y el Desarrollo Econ\u00f3mico (OCDE), en 2014 M\u00e9xico se ubic\u00f3 entre los \u00faltimos tres lugares.<\/p>\n<p>Destac\u00f3 que la proporci\u00f3n del Producto Interno Bruto que se destina al gasto p\u00fablico y privado en salud en M\u00e9xico es apenas del 6.2%, uno de los m\u00e1s bajos de los pa\u00edses que integran la OCDE, que en promedio es de 9.3%. Compar\u00f3 este indicador por entidades federativas, _resulta que el gasto p\u00fablico en salud como porcentaje del Producto Interno Bruto en Tabasco (sin incluir el gasto privado): pas\u00f3 del primer lugar nacional en el a\u00f1o 2000 con 5.1%; al lugar 29 en 2014 con el 2.3%\u201d.<\/p>\n<p>\u201cAunado a esto, la prevalencia del Desempleo en Tabasco, al corte de septiembre de\u00a0 2018, es del 7.3%; ocupando el primer lugar nacional. Esta situaci\u00f3n, est\u00e1 asociada a una reducci\u00f3n del acceso de la poblaci\u00f3n a las instituciones de Seguridad Social\u201d.<\/p>\n","protected":false},"excerpt":{"rendered":"<p>Al comparecer ante el pleno de sesiones del Congreso local para la ampliaci\u00f3n de la Glosa del VI Informe de Gobierno, el Secretario de Salud, Rommel Cerna Leeder, asegur\u00f3 que la aportaci\u00f3n de recursos federales para este sector ha bajado hasta en un 50 por ciento. Por ello, dijo es que en los \u00faltimos es [&hellip;]<\/p>\n","protected":false},"author":2,"featured_media":366080,"comment_status":"closed","ping_status":"closed","sticky":false,"template":"","format":"standard","meta":{"footnotes":""},"categories":[9],"tags":[],"class_list":["post-366093","post","type-post","status-publish","format-standard","has-post-thumbnail","hentry","category-politica"],"_links":{"self":[{"href":"https:\/\/diarioavancetabasco.com\/index.php?rest_route=\/wp\/v2\/posts\/366093","targetHints":{"allow":["GET"]}}],"collection":[{"href":"https:\/\/diarioavancetabasco.com\/index.php?rest_route=\/wp\/v2\/posts"}],"about":[{"href":"https:\/\/diarioavancetabasco.com\/index.php?rest_route=\/wp\/v2\/types\/post"}],"author":[{"embeddable":true,"href":"https:\/\/diarioavancetabasco.com\/index.php?rest_route=\/wp\/v2\/users\/2"}],"replies":[{"embeddable":true,"href":"https:\/\/diarioavancetabasco.com\/index.php?rest_route=%2Fwp%2Fv2%2Fcomments&post=366093"}],"version-history":[{"count":2,"href":"https:\/\/diarioavancetabasco.com\/index.php?rest_route=\/wp\/v2\/posts\/366093\/revisions"}],"predecessor-version":[{"id":366131,"href":"https:\/\/diarioavancetabasco.com\/index.php?rest_route=\/wp\/v2\/posts\/366093\/revisions\/366131"}],"wp:featuredmedia":[{"embeddable":true,"href":"https:\/\/diarioavancetabasco.com\/index.php?rest_route=\/wp\/v2\/media\/366080"}],"wp:attachment":[{"href":"https:\/\/diarioavancetabasco.com\/index.php?rest_route=%2Fwp%2Fv2%2Fmedia&parent=366093"}],"wp:term":[{"taxonomy":"category","embeddable":true,"href":"https:\/\/diarioavancetabasco.com\/index.php?rest_route=%2Fwp%2Fv2%2Fcategories&post=366093"},{"taxonomy":"post_tag","embeddable":true,"href":"https:\/\/diarioavancetabasco.com\/index.php?rest_route=%2Fwp%2Fv2%2Ftags&post=366093"}],"curies":[{"name":"wp","href":"https:\/\/api.w.org\/{rel}","templated":true}]}}