{"id":366098,"date":"2018-11-28T00:39:27","date_gmt":"2018-11-28T06:39:27","guid":{"rendered":"http:\/\/diarioavancetabasco.com\/?p=366098"},"modified":"2018-11-28T00:39:48","modified_gmt":"2018-11-28T06:39:48","slug":"urge-modernizar-terminal-de-segunda","status":"publish","type":"post","link":"https:\/\/diarioavancetabasco.com\/?p=366098","title":{"rendered":"Urge modernizar  terminal de segunda"},"content":{"rendered":"<p><!--\np.p1 {margin: 0.0px 0.0px 0.0px 0.0px; text-align: justify; line-height: 10.0px; font: 52.0px Whitman}\np.p2 {margin: 0.0px 0.0px 0.0px 0.0px; text-align: justify; line-height: 10.0px; font: 10.0px Whitman}\np.p3 {margin: 0.0px 0.0px 0.0px 0.0px; text-align: justify; text-indent: 6.0px; line-height: 10.0px; font: 10.0px Whitman}\nspan.s1 {letter-spacing: -0.1px}\n-->C\u00c1RDENAS, TAB.- \u201cEn ruinas\u201d, es el calificativo que le mereci\u00f3 la condici\u00f3n que guarda la central camionera de segunda clase, al dirigente de La Alianza Mexicana de Organizaci\u00f3n de Transportistas A. C, Humberto \u00c1lvarez Morales, a su salida de la reuni\u00f3n sostenida entre transportistas\u00a0 con el alcalde Armando Beltr\u00e1n tenorio, quienes platicaron acerca del urgente rescate a la infraestructura de esta terminal.<\/p>\n<p>Primeramente \u00c1lvarez Morales, destaco que debido a las malas condiciones en que se encuentra la central camionera, \u201clos transportistas que prestan sus servicios en este lugar consideran que as\u00ed no pueden competir con otras l\u00edneas for\u00e1neas, al no estar en \u00f3ptimas condiciones dicha terminal, ha permitido que pierdan mercado al preferir los usuarios buscar en frente\u201d subray\u00f3.<\/p>\n<p>Explico que la reuni\u00f3n con el primer regidor fue en el sentido de exponerle la situaci\u00f3n \u201cLos transportistas se reunieron para abordar este tema y coincidimos con el presidente municipal que es necesario que se mejoren las condiciones de dicha terminal para no verse m\u00e1s afectados, donde\u00a0 la problem\u00e1tica que existe en el interior de la central camionera es la falta de mantenimiento a la infraestructura, problemas en los sanitarios, en el \u00e1rea de andenes hay desorden, por eso est\u00e1n pidiendo que se asigne los espacios espec\u00edficos para las empresas o concesionarios para brindar un mejor servicio, as\u00ed como tambi\u00e9n est\u00e1n solicitando mayor vigilancia policiaca\u201d reitero.<\/p>\n<p>Por su parte el mandatario, Armando Beltr\u00e1n Tenorio, en su oportunidad coincidi\u00f3 en que\u00a0 es de suma importancia la revisi\u00f3n de infraestructura de la Central Camionera y\u00a0 algunas remodelaciones. Nuestro Gobierno apoyar\u00e1 en las medidas posibles al sector transportista y seremos gestores ante el Gobierno Federal y Estatal.<\/p>\n","protected":false},"excerpt":{"rendered":"<p>C\u00c1RDENAS, TAB.- \u201cEn ruinas\u201d, es el calificativo que le mereci\u00f3 la condici\u00f3n que guarda la central camionera de segunda clase, al dirigente de La Alianza Mexicana de Organizaci\u00f3n de Transportistas A. C, Humberto \u00c1lvarez Morales, a su salida de la reuni\u00f3n sostenida entre transportistas\u00a0 con el alcalde Armando Beltr\u00e1n tenorio, quienes platicaron acerca del urgente [&hellip;]<\/p>\n","protected":false},"author":2,"featured_media":366072,"comment_status":"closed","ping_status":"closed","sticky":false,"template":"","format":"standard","meta":{"footnotes":""},"categories":[12],"tags":[],"class_list":["post-366098","post","type-post","status-publish","format-standard","has-post-thumbnail","hentry","category-municipios"],"_links":{"self":[{"href":"https:\/\/diarioavancetabasco.com\/index.php?rest_route=\/wp\/v2\/posts\/366098","targetHints":{"allow":["GET"]}}],"collection":[{"href":"https:\/\/diarioavancetabasco.com\/index.php?rest_route=\/wp\/v2\/posts"}],"about":[{"href":"https:\/\/diarioavancetabasco.com\/index.php?rest_route=\/wp\/v2\/types\/post"}],"author":[{"embeddable":true,"href":"https:\/\/diarioavancetabasco.com\/index.php?rest_route=\/wp\/v2\/users\/2"}],"replies":[{"embeddable":true,"href":"https:\/\/diarioavancetabasco.com\/index.php?rest_route=%2Fwp%2Fv2%2Fcomments&post=366098"}],"version-history":[{"count":2,"href":"https:\/\/diarioavancetabasco.com\/index.php?rest_route=\/wp\/v2\/posts\/366098\/revisions"}],"predecessor-version":[{"id":366133,"href":"https:\/\/diarioavancetabasco.com\/index.php?rest_route=\/wp\/v2\/posts\/366098\/revisions\/366133"}],"wp:featuredmedia":[{"embeddable":true,"href":"https:\/\/diarioavancetabasco.com\/index.php?rest_route=\/wp\/v2\/media\/366072"}],"wp:attachment":[{"href":"https:\/\/diarioavancetabasco.com\/index.php?rest_route=%2Fwp%2Fv2%2Fmedia&parent=366098"}],"wp:term":[{"taxonomy":"category","embeddable":true,"href":"https:\/\/diarioavancetabasco.com\/index.php?rest_route=%2Fwp%2Fv2%2Fcategories&post=366098"},{"taxonomy":"post_tag","embeddable":true,"href":"https:\/\/diarioavancetabasco.com\/index.php?rest_route=%2Fwp%2Fv2%2Ftags&post=366098"}],"curies":[{"name":"wp","href":"https:\/\/api.w.org\/{rel}","templated":true}]}}