{"id":366116,"date":"2018-11-28T00:48:29","date_gmt":"2018-11-28T06:48:29","guid":{"rendered":"http:\/\/diarioavancetabasco.com\/?p=366116"},"modified":"2018-11-28T00:49:15","modified_gmt":"2018-11-28T06:49:15","slug":"cubanos-presentaran-su-arte-en-macuspana","status":"publish","type":"post","link":"https:\/\/diarioavancetabasco.com\/?p=366116","title":{"rendered":"CUBANOS PRESENTAR\u00c1N SU ARTE EN MACUSPANA"},"content":{"rendered":"<p><!--\np.p1 {margin: 0.0px 0.0px 0.0px 0.0px; text-align: justify; line-height: 10.0px; font: 52.0px Whitman}\np.p2 {margin: 0.0px 0.0px 0.0px 0.0px; text-align: justify; line-height: 10.0px; font: 10.0px Whitman}\np.p3 {margin: 0.0px 0.0px 0.0px 0.0px; text-align: justify; text-indent: 6.0px; line-height: 10.0px; font: 10.0px Whitman}\nspan.s1 {letter-spacing: -0.2px}\n-->MACUSPANA, TAB.- Pr\u00f3ximamente esta ciudad se vestir\u00e1 de gala, con la presencia de un grupo de artesanos de la Isla de Cuba, quienes exhibir\u00e1n sus obras al pueblo macuspanense, donde destacar\u00e1n la presencia de Fabi\u00e1n Leza Rodr\u00edguez, Hansell Emilio De Paz G\u00f3mez, Dany Garc\u00eda Santana, Jiuber Hechabarr\u00eda Labrada y Luis C\u00e9sar Menendez Gonz\u00e1lez, entre otros ciudadanos de ese pa\u00eds.<\/p>\n<p>Los artistas de la Isla Caribe\u00f1a, pertenecen a la Asociaci\u00f3n Cubana de Artesanos Artistas (ACAA), prestigiosa instituci\u00f3n de ese pa\u00eds,\u00a0 la isla m\u00e1s grande del Caribe, el evento es un intercambio cultural con M\u00e9xico, pues posterior a este evento en este municipio, para el pr\u00f3ximo a\u00f1o un grupo de artistas pl\u00e1sticos mexicanos ir\u00e1n a esa Isla a exponer sus obras.<\/p>\n<p>De acuerdo Evelio P\u00e9rez Paula promotor cultural de esa isla que visit\u00f3 nuestro municipio, este evento en esta ciudad, es sin fines de lucro, pues la idea principal, es que con estas actividades los macuspanenses enriquezcan -m\u00e1s- el acervo cultural y sepan m\u00e1s de la Isla del Caribe, desde donde vendr\u00e1n los expositores extranjeros, quienes seguramente sorprender\u00e1n a propios y extra\u00f1os con las obras pict\u00f3ricas que traer\u00e1n de ese bello pa\u00eds.<\/p>\n<p>El mismo promotor cultural-dijo-, que esta exposici\u00f3n de sus compatriotas Ccbanos, no ser\u00e1 la \u00faltima ni la \u00fanica que har\u00e1n en nuestro Pa\u00eds, especialmente en Tabasco, pues -agreg\u00f3-, que es de sumo inter\u00e9s para los artistas de esa Isla, mantener lazos de amistad con los mexicanos, quienes -asegur\u00f3-, los han recibido en diferentes partes de la Rep\u00fablica Mexicana donde han realizado exposiciones o visitas guiadas a los lugares tur\u00edsticos, admiti\u00f3 la fuente.<\/p>\n<p>Record\u00f3, que esta experiencia que se llevar\u00e1 pr\u00f3ximamente en Macuspana, posteriormente lo har\u00e1n en la Isla Cubana, pues tambi\u00e9n artistas del estado de Yucat\u00e1n el pasado a\u00f1o la realizaron en Cuba, donde los artistas mexicanos expusieron sus obras y por eso es la intenci\u00f3n de que los Caribe\u00f1os vengan a nuestro Pa\u00eds trayendo sus obras pict\u00f3ricas, el evento es sin fines de lucros admiti\u00f3 el entrevistado.<\/p>\n<p>Precis\u00f3, que en la visita que realizar\u00e1n los artistas tabasque\u00f1os a Cuba, destacan Ren\u00e9 Garc\u00eda Ram\u00f3n actual director de la DECURM.<\/p>\n","protected":false},"excerpt":{"rendered":"<p>MACUSPANA, TAB.- Pr\u00f3ximamente esta ciudad se vestir\u00e1 de gala, con la presencia de un grupo de artesanos de la Isla de Cuba, quienes exhibir\u00e1n sus obras al pueblo macuspanense, donde destacar\u00e1n la presencia de Fabi\u00e1n Leza Rodr\u00edguez, Hansell Emilio De Paz G\u00f3mez, Dany Garc\u00eda Santana, Jiuber Hechabarr\u00eda Labrada y Luis C\u00e9sar Menendez Gonz\u00e1lez, entre otros [&hellip;]<\/p>\n","protected":false},"author":2,"featured_media":366075,"comment_status":"closed","ping_status":"closed","sticky":false,"template":"","format":"standard","meta":{"footnotes":""},"categories":[12],"tags":[],"class_list":["post-366116","post","type-post","status-publish","format-standard","has-post-thumbnail","hentry","category-municipios"],"_links":{"self":[{"href":"https:\/\/diarioavancetabasco.com\/index.php?rest_route=\/wp\/v2\/posts\/366116","targetHints":{"allow":["GET"]}}],"collection":[{"href":"https:\/\/diarioavancetabasco.com\/index.php?rest_route=\/wp\/v2\/posts"}],"about":[{"href":"https:\/\/diarioavancetabasco.com\/index.php?rest_route=\/wp\/v2\/types\/post"}],"author":[{"embeddable":true,"href":"https:\/\/diarioavancetabasco.com\/index.php?rest_route=\/wp\/v2\/users\/2"}],"replies":[{"embeddable":true,"href":"https:\/\/diarioavancetabasco.com\/index.php?rest_route=%2Fwp%2Fv2%2Fcomments&post=366116"}],"version-history":[{"count":2,"href":"https:\/\/diarioavancetabasco.com\/index.php?rest_route=\/wp\/v2\/posts\/366116\/revisions"}],"predecessor-version":[{"id":366141,"href":"https:\/\/diarioavancetabasco.com\/index.php?rest_route=\/wp\/v2\/posts\/366116\/revisions\/366141"}],"wp:featuredmedia":[{"embeddable":true,"href":"https:\/\/diarioavancetabasco.com\/index.php?rest_route=\/wp\/v2\/media\/366075"}],"wp:attachment":[{"href":"https:\/\/diarioavancetabasco.com\/index.php?rest_route=%2Fwp%2Fv2%2Fmedia&parent=366116"}],"wp:term":[{"taxonomy":"category","embeddable":true,"href":"https:\/\/diarioavancetabasco.com\/index.php?rest_route=%2Fwp%2Fv2%2Fcategories&post=366116"},{"taxonomy":"post_tag","embeddable":true,"href":"https:\/\/diarioavancetabasco.com\/index.php?rest_route=%2Fwp%2Fv2%2Ftags&post=366116"}],"curies":[{"name":"wp","href":"https:\/\/api.w.org\/{rel}","templated":true}]}}