{"id":366171,"date":"2018-11-29T00:31:19","date_gmt":"2018-11-29T06:31:19","guid":{"rendered":"http:\/\/diarioavancetabasco.com\/?p=366171"},"modified":"2018-11-29T00:31:21","modified_gmt":"2018-11-29T06:31:21","slug":"un-acto-de-justicia-la-refineria-en-tabasco","status":"publish","type":"post","link":"https:\/\/diarioavancetabasco.com\/?p=366171","title":{"rendered":"Un acto de justicia, la refiner\u00eda en Tabasco"},"content":{"rendered":"<p><!--\np.p1 {margin: 0.0px 0.0px 0.0px 0.0px; text-align: justify; line-height: 10.0px; font: 52.0px Whitman}\np.p2 {margin: 0.0px 0.0px 0.0px 0.0px; text-align: justify; line-height: 10.0px; font: 10.0px Whitman}\np.p3 {margin: 0.0px 0.0px 0.0px 0.0px; text-align: justify; text-indent: 6.0px; line-height: 10.0px; font: 10.0px Whitman}\nspan.s1 {letter-spacing: -0.2px}\nspan.s2 {letter-spacing: -0.1px}\n-->En entrevista el gobernador del Estado, Arturo N\u00fa\u00f1ez Jim\u00e9nez, coment\u00f3 que la refiner\u00eda en Para\u00edso es un acto de justicia para Tabasco, pero tambi\u00e9n una decisi\u00f3n importante y estrat\u00e9gica a nivel nacional.<\/p>\n<p>El mandatorio coment\u00f3 que hay mucho entusiasmo con la posibilidad de un nuevo auge petrolero y las metas que se ha planteado el nuevo gobierno federal, por lo que pidi\u00f3 a las empresas petroleras ayudar a lograr esas metas de producci\u00f3n que son muy ambiciosas.<\/p>\n<p>Confirm\u00f3 que el nueve de\u00a0 diciembre el ya presidente Andr\u00e9s Manuel L\u00f3pez Obrador pondr\u00e1 la primera piedra de la Refiner\u00eda, y est\u00e1n convocados los gobernadores de los seis estados donde hay refiner\u00edas y el de Campeche donde estar\u00e1 la sede de Petr\u00f3leos Mexicanos (Pemex), para que juntos se arranque este proyecto que ayudar\u00e1 mucho a\u00a0 la reconstituci\u00f3n de la econom\u00eda tabasque\u00f1a.<\/p>\n<p>\u201cEstamos entusiasmado por esta posibilidad de un nuevo auge petrolero y las metas que se han planteado el gobierno del inminente cambio del pr\u00f3ximo s\u00e1bado, con un tabasque\u00f1o, el primero en la historia que logra la Presidencia de la Republica en M\u00e9xico, que se ha establecido metas de producci\u00f3n muy ambiciosas para retomar el nivel que se lleg\u00f3 a tener cuando el mejor momento de Cantarel, pues requiere de un gran esfuerzo y requiere de la concurrencia de ustedes que seguramente van a ayudar a alcanzar esa meta de producci\u00f3n\u201d.<\/p>\n<p>N\u00fa\u00f1ez Jim\u00e9nez coment\u00f3 que Tabasco tiene 17 municipios de los cuales 14 se consideran petroleros, reciben participaciones fiscales, porque est\u00e1n vinculados a la actividad petrolera, a diferencia de Campeche que no es en el territorio continental donde est\u00e1 el petr\u00f3leo, sino en su litoral en la sonda donde est\u00e1 el petr\u00f3leo.<\/p>\n<p>Sin embargo, N\u00fa\u00f1ez Jim\u00e9nez pidi\u00f3 no abandonar la diversificaci\u00f3n de la econom\u00eda y no volver a apostar solo a la industria de los hidrocarburos.<\/p>\n","protected":false},"excerpt":{"rendered":"<p>En entrevista el gobernador del Estado, Arturo N\u00fa\u00f1ez Jim\u00e9nez, coment\u00f3 que la refiner\u00eda en Para\u00edso es un acto de justicia para Tabasco, pero tambi\u00e9n una decisi\u00f3n importante y estrat\u00e9gica a nivel nacional. El mandatorio coment\u00f3 que hay mucho entusiasmo con la posibilidad de un nuevo auge petrolero y las metas que se ha planteado el [&hellip;]<\/p>\n","protected":false},"author":2,"featured_media":366153,"comment_status":"closed","ping_status":"closed","sticky":false,"template":"","format":"standard","meta":{"footnotes":""},"categories":[9],"tags":[],"class_list":["post-366171","post","type-post","status-publish","format-standard","has-post-thumbnail","hentry","category-politica"],"_links":{"self":[{"href":"https:\/\/diarioavancetabasco.com\/index.php?rest_route=\/wp\/v2\/posts\/366171","targetHints":{"allow":["GET"]}}],"collection":[{"href":"https:\/\/diarioavancetabasco.com\/index.php?rest_route=\/wp\/v2\/posts"}],"about":[{"href":"https:\/\/diarioavancetabasco.com\/index.php?rest_route=\/wp\/v2\/types\/post"}],"author":[{"embeddable":true,"href":"https:\/\/diarioavancetabasco.com\/index.php?rest_route=\/wp\/v2\/users\/2"}],"replies":[{"embeddable":true,"href":"https:\/\/diarioavancetabasco.com\/index.php?rest_route=%2Fwp%2Fv2%2Fcomments&post=366171"}],"version-history":[{"count":2,"href":"https:\/\/diarioavancetabasco.com\/index.php?rest_route=\/wp\/v2\/posts\/366171\/revisions"}],"predecessor-version":[{"id":366211,"href":"https:\/\/diarioavancetabasco.com\/index.php?rest_route=\/wp\/v2\/posts\/366171\/revisions\/366211"}],"wp:featuredmedia":[{"embeddable":true,"href":"https:\/\/diarioavancetabasco.com\/index.php?rest_route=\/wp\/v2\/media\/366153"}],"wp:attachment":[{"href":"https:\/\/diarioavancetabasco.com\/index.php?rest_route=%2Fwp%2Fv2%2Fmedia&parent=366171"}],"wp:term":[{"taxonomy":"category","embeddable":true,"href":"https:\/\/diarioavancetabasco.com\/index.php?rest_route=%2Fwp%2Fv2%2Fcategories&post=366171"},{"taxonomy":"post_tag","embeddable":true,"href":"https:\/\/diarioavancetabasco.com\/index.php?rest_route=%2Fwp%2Fv2%2Ftags&post=366171"}],"curies":[{"name":"wp","href":"https:\/\/api.w.org\/{rel}","templated":true}]}}