{"id":366281,"date":"2018-11-30T00:39:35","date_gmt":"2018-11-30T06:39:35","guid":{"rendered":"http:\/\/diarioavancetabasco.com\/?p=366281"},"modified":"2018-11-30T00:39:38","modified_gmt":"2018-11-30T06:39:38","slug":"entrega-nunez-presea-eden-2017","status":"publish","type":"post","link":"https:\/\/diarioavancetabasco.com\/?p=366281","title":{"rendered":"Entrega N\u00fa\u00f1ez Presea Ed\u00e9n 2017"},"content":{"rendered":"<p><!--\np.p1 {margin: 0.0px 0.0px 0.0px 0.0px; text-align: justify; text-indent: 6.0px; line-height: 10.0px; font: 10.0px Whitman}\nspan.s1 {letter-spacing: -0.2px}\n-->El gobernador de Tabasco, Arturo N\u00fa\u00f1ez Jim\u00e9nez, entreg\u00f3 la Presea Ed\u00e9n 2017 a tres distinguidos tabasque\u00f1os que han trascendido a nivel local, nacional e internacional, mediante su labor que ha engrandecido al estado: la artista pl\u00e1stica Perla Estrada; el historiador y escritor Carlos Ruiz Abreu, y el ambientalista e investigador Jos\u00e9 Luis Lezama.<\/p>\n<p>Durante su mensaje, el jefe del Ejecutivo manifest\u00f3 que este galard\u00f3n se ha caracterizado por reconocer la formaci\u00f3n y consolidaci\u00f3n del patrimonio cultural y cient\u00edfico de Tabasco, e indic\u00f3 que es motivo de orgullo concederlo a distinguidos tabasque\u00f1os que engrandecen la promoci\u00f3n y v\u00ednculos entre el arte, la cultura y la ciencia.<\/p>\n<p>\u201cLa relaci\u00f3n que existe entre la pol\u00edtica, el arte, la ciencia y la cultura, en general, se traducen como un ingrediente esencial que permite definir la dimensi\u00f3n simb\u00f3lica de nuestra realidad social\u201d, pronunci\u00f3 en el evento en que estuvo acompa\u00f1ado de Martha Lilia L\u00f3pez de N\u00fa\u00f1ez, presidenta del Consejo Ciudadano Consultivo del Sistema DIF estatal, y de N\u00e9stor N\u00fa\u00f1ez L\u00f3pez alcalde del municipio de Cuauht\u00e9moc.<\/p>\n<p>Agreg\u00f3 que estos elementos se constituyen en un lazo que permite interpretar y modificar la realidad y la expresi\u00f3n cultural, para potenciar el anclaje de nuestro lenguaje, costumbres, valores, memoria, historia y creatividad, adem\u00e1s de manifestar que en Tabasco se han gestionado esfuerzos para implementar acciones que impulsen y fomenten estos aspectos.<\/p>\n<p>\u201cHemos realizado esfuerzos sin precedentes para el dise\u00f1o y gesti\u00f3n de pol\u00edticas p\u00fablicas culturales y cient\u00edficas; ese fue uno de los compromisos que asumimos desde el a\u00f1o 2013\u201d, enfatiz\u00f3.<\/p>\n<p>Tenemos el pleno convencimiento de que la ciencia, el arte y la cultura constituyen un escenario estrat\u00e9gico para vincular la identidad ciudadana con la din\u00e1mica social y los valores que son el patrimonio tangible e intangible de nuestro estado, agreg\u00f3.<\/p>\n<p>El Gobernador N\u00fa\u00f1ez felicit\u00f3 a los galardonados y subray\u00f3 que sus logros representan un avance para la sociedad, ya que es a trav\u00e9s de la transmisi\u00f3n de sus conocimientos como se engrandece al estado y al pa\u00eds.<\/p>\n","protected":false},"excerpt":{"rendered":"<p>El gobernador de Tabasco, Arturo N\u00fa\u00f1ez Jim\u00e9nez, entreg\u00f3 la Presea Ed\u00e9n 2017 a tres distinguidos tabasque\u00f1os que han trascendido a nivel local, nacional e internacional, mediante su labor que ha engrandecido al estado: la artista pl\u00e1stica Perla Estrada; el historiador y escritor Carlos Ruiz Abreu, y el ambientalista e investigador Jos\u00e9 Luis Lezama. Durante su [&hellip;]<\/p>\n","protected":false},"author":2,"featured_media":366279,"comment_status":"closed","ping_status":"closed","sticky":false,"template":"","format":"standard","meta":{"footnotes":""},"categories":[9],"tags":[],"class_list":["post-366281","post","type-post","status-publish","format-standard","has-post-thumbnail","hentry","category-politica"],"_links":{"self":[{"href":"https:\/\/diarioavancetabasco.com\/index.php?rest_route=\/wp\/v2\/posts\/366281","targetHints":{"allow":["GET"]}}],"collection":[{"href":"https:\/\/diarioavancetabasco.com\/index.php?rest_route=\/wp\/v2\/posts"}],"about":[{"href":"https:\/\/diarioavancetabasco.com\/index.php?rest_route=\/wp\/v2\/types\/post"}],"author":[{"embeddable":true,"href":"https:\/\/diarioavancetabasco.com\/index.php?rest_route=\/wp\/v2\/users\/2"}],"replies":[{"embeddable":true,"href":"https:\/\/diarioavancetabasco.com\/index.php?rest_route=%2Fwp%2Fv2%2Fcomments&post=366281"}],"version-history":[{"count":2,"href":"https:\/\/diarioavancetabasco.com\/index.php?rest_route=\/wp\/v2\/posts\/366281\/revisions"}],"predecessor-version":[{"id":366292,"href":"https:\/\/diarioavancetabasco.com\/index.php?rest_route=\/wp\/v2\/posts\/366281\/revisions\/366292"}],"wp:featuredmedia":[{"embeddable":true,"href":"https:\/\/diarioavancetabasco.com\/index.php?rest_route=\/wp\/v2\/media\/366279"}],"wp:attachment":[{"href":"https:\/\/diarioavancetabasco.com\/index.php?rest_route=%2Fwp%2Fv2%2Fmedia&parent=366281"}],"wp:term":[{"taxonomy":"category","embeddable":true,"href":"https:\/\/diarioavancetabasco.com\/index.php?rest_route=%2Fwp%2Fv2%2Fcategories&post=366281"},{"taxonomy":"post_tag","embeddable":true,"href":"https:\/\/diarioavancetabasco.com\/index.php?rest_route=%2Fwp%2Fv2%2Ftags&post=366281"}],"curies":[{"name":"wp","href":"https:\/\/api.w.org\/{rel}","templated":true}]}}