{"id":366318,"date":"2018-12-02T00:57:59","date_gmt":"2018-12-02T06:57:59","guid":{"rendered":"http:\/\/diarioavancetabasco.com\/?p=366318"},"modified":"2018-12-02T00:58:02","modified_gmt":"2018-12-02T06:58:02","slug":"reiniciara-gobierno-de-amlo-investigacion-del-caso-iguala","status":"publish","type":"post","link":"https:\/\/diarioavancetabasco.com\/?p=366318","title":{"rendered":"Reiniciar\u00e1 Gobierno de AMLO investigaci\u00f3n del caso Iguala"},"content":{"rendered":"<p><!--\np.p1 {margin: 0.0px 0.0px 0.0px 0.0px; text-align: justify; line-height: 10.0px; font: 52.0px Whitman}\np.p2 {margin: 0.0px 0.0px 0.0px 0.0px; text-align: justify; line-height: 10.0px; font: 10.0px Whitman}\np.p3 {margin: 0.0px 0.0px 0.0px 0.0px; text-align: justify; text-indent: 6.0px; line-height: 10.0px; font: 10.0px Whitman}\nspan.s1 {letter-spacing: -0.2px}\n-->Alejandro Encinas Rodr\u00edguez, nuevo subsecretario de Derechos Humanos de la Secretar\u00eda de Gobernaci\u00f3n, afirm\u00f3 que se reiniciar\u00e1 toda la investigaci\u00f3n del caso de los 43 estudiantes de Ayotzinapa desaparecidos.<\/p>\n<p>En entrevista, dijo que con el inicio del gobierno de Andr\u00e9s Manuel L\u00f3pez Obrador se atender\u00e1n y retomar\u00e1n las recomendaciones emitidas por la Comisi\u00f3n Nacional de los Derechos Humanos (CNDH), la Oficina del Alto Comisionado para los Derechos Humanos de las Naciones Unidas, y el Grupo de Interdisciplinario de Expertos Independientes (GIEI).<\/p>\n<p>\u201cVamos a hacer todo lo necesario para conocer la verdad y que se haga justicia\u201d; \u201cvamos a reiniciar toda la investigaci\u00f3n\u201d del caso de los estudiantes desaparecidos en Iguala, Guerrero, sostuvo en declaraciones a la prensa a su llegada a la C\u00e1mara de Diputados.<\/p>\n<p>Encinas Rodr\u00edguez indic\u00f3 que este 1 de diciembre, con la toma de protesta de Andr\u00e9s Manuel L\u00f3pez Obrador, como presidente de M\u00e9xico, \u201ces un d\u00eda que hay que festejar, pero en donde tambi\u00e9n inicia un esfuerzo y hay que trabajar mucho\u201d. \u201cEs el resultado de la lucha de muchas generaciones de la izquierda y de las fuerzas progresistas\u201d, subray\u00f3 al recalcar la importancia y simbolismo de esta fecha para la historia del pa\u00eds.<\/p>\n","protected":false},"excerpt":{"rendered":"<p>Alejandro Encinas Rodr\u00edguez, nuevo subsecretario de Derechos Humanos de la Secretar\u00eda de Gobernaci\u00f3n, afirm\u00f3 que se reiniciar\u00e1 toda la investigaci\u00f3n del caso de los 43 estudiantes de Ayotzinapa desaparecidos. En entrevista, dijo que con el inicio del gobierno de Andr\u00e9s Manuel L\u00f3pez Obrador se atender\u00e1n y retomar\u00e1n las recomendaciones emitidas por la Comisi\u00f3n Nacional de [&hellip;]<\/p>\n","protected":false},"author":2,"featured_media":366312,"comment_status":"closed","ping_status":"closed","sticky":false,"template":"","format":"standard","meta":{"footnotes":""},"categories":[3],"tags":[],"class_list":["post-366318","post","type-post","status-publish","format-standard","has-post-thumbnail","hentry","category-nacional"],"_links":{"self":[{"href":"https:\/\/diarioavancetabasco.com\/index.php?rest_route=\/wp\/v2\/posts\/366318","targetHints":{"allow":["GET"]}}],"collection":[{"href":"https:\/\/diarioavancetabasco.com\/index.php?rest_route=\/wp\/v2\/posts"}],"about":[{"href":"https:\/\/diarioavancetabasco.com\/index.php?rest_route=\/wp\/v2\/types\/post"}],"author":[{"embeddable":true,"href":"https:\/\/diarioavancetabasco.com\/index.php?rest_route=\/wp\/v2\/users\/2"}],"replies":[{"embeddable":true,"href":"https:\/\/diarioavancetabasco.com\/index.php?rest_route=%2Fwp%2Fv2%2Fcomments&post=366318"}],"version-history":[{"count":2,"href":"https:\/\/diarioavancetabasco.com\/index.php?rest_route=\/wp\/v2\/posts\/366318\/revisions"}],"predecessor-version":[{"id":366372,"href":"https:\/\/diarioavancetabasco.com\/index.php?rest_route=\/wp\/v2\/posts\/366318\/revisions\/366372"}],"wp:featuredmedia":[{"embeddable":true,"href":"https:\/\/diarioavancetabasco.com\/index.php?rest_route=\/wp\/v2\/media\/366312"}],"wp:attachment":[{"href":"https:\/\/diarioavancetabasco.com\/index.php?rest_route=%2Fwp%2Fv2%2Fmedia&parent=366318"}],"wp:term":[{"taxonomy":"category","embeddable":true,"href":"https:\/\/diarioavancetabasco.com\/index.php?rest_route=%2Fwp%2Fv2%2Fcategories&post=366318"},{"taxonomy":"post_tag","embeddable":true,"href":"https:\/\/diarioavancetabasco.com\/index.php?rest_route=%2Fwp%2Fv2%2Ftags&post=366318"}],"curies":[{"name":"wp","href":"https:\/\/api.w.org\/{rel}","templated":true}]}}