{"id":366329,"date":"2018-12-01T21:21:07","date_gmt":"2018-12-02T03:21:07","guid":{"rendered":"http:\/\/diarioavancetabasco.com\/?p=366329"},"modified":"2018-12-01T21:21:07","modified_gmt":"2018-12-02T03:21:07","slug":"mijares-canta-a-dueto-con-su-hija","status":"publish","type":"post","link":"https:\/\/diarioavancetabasco.com\/?p=366329","title":{"rendered":"Mijares canta a dueto con su hija"},"content":{"rendered":"<style type=\"text\/css\"><!--\np.p1 {margin: 0.0px 0.0px 0.0px 0.0px; text-align: justify; line-height: 10.0px; font: 10.0px Whitman}\np.p2 {margin: 0.0px 0.0px 0.0px 0.0px; text-align: justify; text-indent: 6.0px; line-height: 10.0px; font: 10.0px Whitman}\n--><\/style>\n<p>Tras el emotivo dueto junto su hija\u00a0Lucerito,\u00a0Manuel Mijares\u00a0se mostr\u00f3 inc\u00f3modo en su aparici\u00f3n en el programa\u00a0La Saga\u00a0con Adela Micha, pues en la entrevista la periodista toc\u00f3 el tema sobre su separaci\u00f3n de\u00a0Lucero.<\/p>\n<p>Asimismo, Adela ley\u00f3 algunos de los comentarios que el p\u00fablico hac\u00eda durante la transmisi\u00f3n del programa, donde destac\u00f3 uno de parte de un seguidor, que pidi\u00f3 a\u00a0Mijares\u00a0que cantara la canci\u00f3n \u201cSi me ten\u00edas\u201c, pero se neg\u00f3 el int\u00e9rprete.<\/p>\n<p>A prop\u00f3sito de la petici\u00f3n, el cantante aprovech\u00f3 para aclarar a Adela que el tema lo escribi\u00f3 Gian Marco, por lo que era mentira que \u00e9l se la dedicara a su exesposa.<\/p>\n<p>Cabe mencionar,\u00a0Lucero\u00a0lleg\u00f3 a decir que sus hijos llevaban la m\u00fasica en la sangre, pero que no est\u00e1n interesados en hacer una carrera musical, sin embargo,\u00a0su hija le dio un regalo a su pap\u00e1 al cantar a dueto la canci\u00f3n \u201cVence al amor\u201c.<\/p>\n","protected":false},"excerpt":{"rendered":"<p>Tras el emotivo dueto junto su hija\u00a0Lucerito,\u00a0Manuel Mijares\u00a0se mostr\u00f3 inc\u00f3modo en su aparici\u00f3n en el programa\u00a0La Saga\u00a0con Adela Micha, pues en la entrevista la periodista toc\u00f3 el tema sobre su separaci\u00f3n de\u00a0Lucero. Asimismo, Adela ley\u00f3 algunos de los comentarios que el p\u00fablico hac\u00eda durante la transmisi\u00f3n del programa, donde destac\u00f3 uno de parte de un [&hellip;]<\/p>\n","protected":false},"author":2,"featured_media":366330,"comment_status":"closed","ping_status":"closed","sticky":false,"template":"","format":"standard","meta":{"footnotes":""},"categories":[11],"tags":[],"class_list":["post-366329","post","type-post","status-publish","format-standard","has-post-thumbnail","hentry","category-espectaculos"],"_links":{"self":[{"href":"https:\/\/diarioavancetabasco.com\/index.php?rest_route=\/wp\/v2\/posts\/366329","targetHints":{"allow":["GET"]}}],"collection":[{"href":"https:\/\/diarioavancetabasco.com\/index.php?rest_route=\/wp\/v2\/posts"}],"about":[{"href":"https:\/\/diarioavancetabasco.com\/index.php?rest_route=\/wp\/v2\/types\/post"}],"author":[{"embeddable":true,"href":"https:\/\/diarioavancetabasco.com\/index.php?rest_route=\/wp\/v2\/users\/2"}],"replies":[{"embeddable":true,"href":"https:\/\/diarioavancetabasco.com\/index.php?rest_route=%2Fwp%2Fv2%2Fcomments&post=366329"}],"version-history":[{"count":1,"href":"https:\/\/diarioavancetabasco.com\/index.php?rest_route=\/wp\/v2\/posts\/366329\/revisions"}],"predecessor-version":[{"id":366331,"href":"https:\/\/diarioavancetabasco.com\/index.php?rest_route=\/wp\/v2\/posts\/366329\/revisions\/366331"}],"wp:featuredmedia":[{"embeddable":true,"href":"https:\/\/diarioavancetabasco.com\/index.php?rest_route=\/wp\/v2\/media\/366330"}],"wp:attachment":[{"href":"https:\/\/diarioavancetabasco.com\/index.php?rest_route=%2Fwp%2Fv2%2Fmedia&parent=366329"}],"wp:term":[{"taxonomy":"category","embeddable":true,"href":"https:\/\/diarioavancetabasco.com\/index.php?rest_route=%2Fwp%2Fv2%2Fcategories&post=366329"},{"taxonomy":"post_tag","embeddable":true,"href":"https:\/\/diarioavancetabasco.com\/index.php?rest_route=%2Fwp%2Fv2%2Ftags&post=366329"}],"curies":[{"name":"wp","href":"https:\/\/api.w.org\/{rel}","templated":true}]}}