{"id":366338,"date":"2018-12-02T00:30:29","date_gmt":"2018-12-02T06:30:29","guid":{"rendered":"http:\/\/diarioavancetabasco.com\/?p=366338"},"modified":"2018-12-02T00:30:32","modified_gmt":"2018-12-02T06:30:32","slug":"felicitan-gobernadores-a-lopez-obrador-tras-asumir-presidencia","status":"publish","type":"post","link":"https:\/\/diarioavancetabasco.com\/?p=366338","title":{"rendered":"Felicitan gobernadores a L\u00f3pez Obrador tras asumir Presidencia"},"content":{"rendered":"<p><!--\np.p1 {margin: 0.0px 0.0px 0.0px 0.0px; text-align: justify; text-indent: 6.0px; line-height: 10.0px; font: 10.0px Whitman}\nspan.s1 {letter-spacing: -0.2px}\nspan.s2 {letter-spacing: -0.3px}\n-->CDMX.- Gobernadores felicitaron y desearon suerte a Andr\u00e9s Manuel L\u00f3pez Obrador en su administraci\u00f3n, luego de que \u00e9ste asumiera la Presidencia de la Rep\u00fablica.<\/p>\n<p>A trav\u00e9s de su cuenta de Twitter, el mandatario de Baja California Sur, Carlos Mendoza Davis,\u200f @cmendozadavis, expres\u00f3: \u201cNuestros mejores deseos al Pdte @lopezobrador. Hoy inicia una nueva etapa en M\u00e9xico. En BCS encontrar\u00e1 cooperaci\u00f3n y di\u00e1logo respetuoso en el marco del pacto federal. Trabajemos por el bienestar de M\u00e9xico y BCS\u201d.<\/p>\n<p>En tanto, el gobernador de Durango, Jos\u00e9 Rosas Aispuro, @AispuroDurango, felicit\u00f3 \u201cal presidente @lopezobradory reitero la disposici\u00f3n de este Gobierno para sumar esfuerzos por el desarrollo de M\u00e9xico\u201d.<\/p>\n<p>En su cuenta de Twitter, @TonyGali, el gobernador de Puebla, Jos\u00e9 Antonio Gali Fayad, expres\u00f3: \u201cHoy nuestro pa\u00eds inicia una nueva etapa en su vida democr\u00e1tica. Acudo con la representaci\u00f3n de todos los poblanos a la toma de protesta de Andr\u00e9s Manuel L\u00f3pez Obrador como presidente de M\u00e9xico en la C\u00e1mara de Diputados\u201d.<\/p>\n<p>Por su parte, el gobernador de Morelos, Cuauht\u00e9moc Blanco, mencion\u00f3 que \u201cestamos presentes en la toma de protesta de Andr\u00e9s Manuel L\u00f3pez Obrador. Acercamos la voz de las familias del estado y sus necesidades y peticiones a la Federaci\u00f3n, a fin de no fallar al compromiso que adquirimos con los morelenses\u201d<\/p>\n<p>Asimismo, H\u00e9ctor Astudillo, mandatario de Guerrero, en @HectorAstudillo, apunt\u00f3 que \u201clos gobernadores nos encontramos en un acto republicano y solemne en el que habremos de dar muestra de nuestra institucionalidad.<\/p>\n<p>En tanto que Rutilio Escand\u00f3n, gobernador electo de Chiapas, env\u00edo una felicitaci\u00f3n a Andr\u00e9s Manuel L\u00f3pez Obrador, presidente de M\u00e9xico.<\/p>\n<p>Mientras que Omar Fayad, gobernador de Hidalgo, public\u00f3: \u201cEsta ma\u00f1ana acudir\u00e9 al Congreso de la Uni\u00f3n para ser testigo de la #TomaDeProtesta de Andres Manuel L\u00f3pez Obrador @lopezobrador_ como #PresidenteDeM\u00e9xico\u201d.<\/p>\n","protected":false},"excerpt":{"rendered":"<p>CDMX.- Gobernadores felicitaron y desearon suerte a Andr\u00e9s Manuel L\u00f3pez Obrador en su administraci\u00f3n, luego de que \u00e9ste asumiera la Presidencia de la Rep\u00fablica. A trav\u00e9s de su cuenta de Twitter, el mandatario de Baja California Sur, Carlos Mendoza Davis,\u200f @cmendozadavis, expres\u00f3: \u201cNuestros mejores deseos al Pdte @lopezobrador. Hoy inicia una nueva etapa en M\u00e9xico. [&hellip;]<\/p>\n","protected":false},"author":2,"featured_media":366336,"comment_status":"closed","ping_status":"closed","sticky":false,"template":"","format":"standard","meta":{"footnotes":""},"categories":[19],"tags":[],"class_list":["post-366338","post","type-post","status-publish","format-standard","has-post-thumbnail","hentry","category-de-ultima-hora"],"_links":{"self":[{"href":"https:\/\/diarioavancetabasco.com\/index.php?rest_route=\/wp\/v2\/posts\/366338","targetHints":{"allow":["GET"]}}],"collection":[{"href":"https:\/\/diarioavancetabasco.com\/index.php?rest_route=\/wp\/v2\/posts"}],"about":[{"href":"https:\/\/diarioavancetabasco.com\/index.php?rest_route=\/wp\/v2\/types\/post"}],"author":[{"embeddable":true,"href":"https:\/\/diarioavancetabasco.com\/index.php?rest_route=\/wp\/v2\/users\/2"}],"replies":[{"embeddable":true,"href":"https:\/\/diarioavancetabasco.com\/index.php?rest_route=%2Fwp%2Fv2%2Fcomments&post=366338"}],"version-history":[{"count":2,"href":"https:\/\/diarioavancetabasco.com\/index.php?rest_route=\/wp\/v2\/posts\/366338\/revisions"}],"predecessor-version":[{"id":366364,"href":"https:\/\/diarioavancetabasco.com\/index.php?rest_route=\/wp\/v2\/posts\/366338\/revisions\/366364"}],"wp:featuredmedia":[{"embeddable":true,"href":"https:\/\/diarioavancetabasco.com\/index.php?rest_route=\/wp\/v2\/media\/366336"}],"wp:attachment":[{"href":"https:\/\/diarioavancetabasco.com\/index.php?rest_route=%2Fwp%2Fv2%2Fmedia&parent=366338"}],"wp:term":[{"taxonomy":"category","embeddable":true,"href":"https:\/\/diarioavancetabasco.com\/index.php?rest_route=%2Fwp%2Fv2%2Fcategories&post=366338"},{"taxonomy":"post_tag","embeddable":true,"href":"https:\/\/diarioavancetabasco.com\/index.php?rest_route=%2Fwp%2Fv2%2Ftags&post=366338"}],"curies":[{"name":"wp","href":"https:\/\/api.w.org\/{rel}","templated":true}]}}