{"id":366378,"date":"2018-12-03T00:41:30","date_gmt":"2018-12-03T06:41:30","guid":{"rendered":"http:\/\/diarioavancetabasco.com\/?p=366378"},"modified":"2018-12-03T00:41:31","modified_gmt":"2018-12-03T06:41:31","slug":"paseo-navideno-unira-familiasanj","status":"publish","type":"post","link":"https:\/\/diarioavancetabasco.com\/?p=366378","title":{"rendered":"Paseo Navide\u00f1o, unir\u00e1 familias:ANJ"},"content":{"rendered":"<p><!--\np.p1 {margin: 0.0px 0.0px 0.0px 0.0px; text-align: justify; line-height: 10.0px; font: 52.0px Whitman}\np.p2 {margin: 0.0px 0.0px 0.0px 0.0px; text-align: justify; line-height: 10.0px; font: 10.0px Whitman}\np.p3 {margin: 0.0px 0.0px 0.0px 0.0px; text-align: justify; text-indent: 6.0px; line-height: 10.0px; font: 10.0px Whitman}\nspan.s1 {letter-spacing: -0.2px}\n-->Para fortalecer lazos familiares, de amistad y convivencia social, el Gobernador Arturo N\u00fa\u00f1ez Jim\u00e9nez asisti\u00f3 este domingo al encendido de luces del Paseo Navide\u00f1o, una iniciativa del ayuntamiento de Centro para alumbrar parques, jardines y algunas de las principales avenidas de la capital tabasque\u00f1a en esta \u00e9poca.<\/p>\n<p>El mandatario tabasque\u00f1o acompa\u00f1\u00f3 al presidente municipal de Centro, Evaristo Hern\u00e1ndez Cruz, en la ceremonia de encendido de un \u00e1rbol de Navidad gigantesco de 22 metros de altura en la explanada de la Plaza de la Revoluci\u00f3n, con lo que al subir el interruptor tambi\u00e9n se prendieron miles de focos en parques y avenidas.<\/p>\n<p>N\u00fa\u00f1ez Jim\u00e9nez dijo que vivimos tiempos dif\u00edciles y de constantes presiones y estr\u00e9s, y deben darse momentos de esparcimiento y diversi\u00f3n con la familia, y el Paseo Navide\u00f1o contribuye mucho a ello, con espect\u00e1culos musicales y una variada presentaci\u00f3n de eventos durante 27 d\u00edas en que durar\u00e1.<\/p>\n<p>\u201cY coincido con el alcalde de Centro: adem\u00e1s del regocijo inherente del fin y principio de otro a\u00f1o, ahora compartimos la alegr\u00eda de tener un presidente de la Rep\u00fablica tabasque\u00f1o. As\u00ed pues celebremos las dos cosas: las festividades de fin de a\u00f1o y la llegada a la Presidencia de la Rep\u00fablica de un tabasque\u00f1o\u201d, subray\u00f3.<\/p>\n<p>A su vez, el alcalde de Centro, explic\u00f3 que con el Paseo Navide\u00f1o, el municipio le apuesta a que las familias tengan espacios de convivencia familiar, que se diviertan y pasen momentos agradables en esta \u00e9poca de fin de a\u00f1o. Dijo que entre 19:00 y 23:00 horas las familias podr\u00e1n hacer un recorrido en el ChocoBus para ver la iluminaci\u00f3n.<\/p>\n<p>Explic\u00f3 que el Paseo Navide\u00f1o, as\u00ed como los espect\u00e1culos de Navidad en Villahermosa, instalado en el Parque Tom\u00e1s Garrido Canabal, tuvieron un costo de poco m\u00e1s de 14 millones de pesos, que fueron aportados por los propios trabajadores del ayuntamiento, por lo que la administraci\u00f3n municipal no puso un solo peso.<\/p>\n<p>Evaristo Hern\u00e1ndez Cruz destac\u00f3 la ceremonia de ayer en el Congreso de la Uni\u00f3n, donde tom\u00f3 protesta como Presidente de la Rep\u00fablica Andr\u00e9s Manuel L\u00f3pez Obrador. \u201cEstoy seguro de que le va a ir muy bien al pa\u00eds, a la regi\u00f3n del Sureste mexicano y a Tabasco, por lo que tambi\u00e9n debemos celebrar ese acontecimiento\u201d, asever\u00f3.<\/p>\n","protected":false},"excerpt":{"rendered":"<p>Para fortalecer lazos familiares, de amistad y convivencia social, el Gobernador Arturo N\u00fa\u00f1ez Jim\u00e9nez asisti\u00f3 este domingo al encendido de luces del Paseo Navide\u00f1o, una iniciativa del ayuntamiento de Centro para alumbrar parques, jardines y algunas de las principales avenidas de la capital tabasque\u00f1a en esta \u00e9poca. El mandatario tabasque\u00f1o acompa\u00f1\u00f3 al presidente municipal de [&hellip;]<\/p>\n","protected":false},"author":2,"featured_media":366396,"comment_status":"closed","ping_status":"closed","sticky":false,"template":"","format":"standard","meta":{"footnotes":""},"categories":[9],"tags":[],"class_list":["post-366378","post","type-post","status-publish","format-standard","has-post-thumbnail","hentry","category-politica"],"_links":{"self":[{"href":"https:\/\/diarioavancetabasco.com\/index.php?rest_route=\/wp\/v2\/posts\/366378","targetHints":{"allow":["GET"]}}],"collection":[{"href":"https:\/\/diarioavancetabasco.com\/index.php?rest_route=\/wp\/v2\/posts"}],"about":[{"href":"https:\/\/diarioavancetabasco.com\/index.php?rest_route=\/wp\/v2\/types\/post"}],"author":[{"embeddable":true,"href":"https:\/\/diarioavancetabasco.com\/index.php?rest_route=\/wp\/v2\/users\/2"}],"replies":[{"embeddable":true,"href":"https:\/\/diarioavancetabasco.com\/index.php?rest_route=%2Fwp%2Fv2%2Fcomments&post=366378"}],"version-history":[{"count":2,"href":"https:\/\/diarioavancetabasco.com\/index.php?rest_route=\/wp\/v2\/posts\/366378\/revisions"}],"predecessor-version":[{"id":366464,"href":"https:\/\/diarioavancetabasco.com\/index.php?rest_route=\/wp\/v2\/posts\/366378\/revisions\/366464"}],"wp:featuredmedia":[{"embeddable":true,"href":"https:\/\/diarioavancetabasco.com\/index.php?rest_route=\/wp\/v2\/media\/366396"}],"wp:attachment":[{"href":"https:\/\/diarioavancetabasco.com\/index.php?rest_route=%2Fwp%2Fv2%2Fmedia&parent=366378"}],"wp:term":[{"taxonomy":"category","embeddable":true,"href":"https:\/\/diarioavancetabasco.com\/index.php?rest_route=%2Fwp%2Fv2%2Fcategories&post=366378"},{"taxonomy":"post_tag","embeddable":true,"href":"https:\/\/diarioavancetabasco.com\/index.php?rest_route=%2Fwp%2Fv2%2Ftags&post=366378"}],"curies":[{"name":"wp","href":"https:\/\/api.w.org\/{rel}","templated":true}]}}