{"id":366474,"date":"2018-12-04T00:02:57","date_gmt":"2018-12-04T06:02:57","guid":{"rendered":"http:\/\/diarioavancetabasco.com\/?p=366474"},"modified":"2018-12-04T00:03:01","modified_gmt":"2018-12-04T06:03:01","slug":"andres-manuel-no-tiene-derecho-a-fallar","status":"publish","type":"post","link":"https:\/\/diarioavancetabasco.com\/?p=366474","title":{"rendered":"Andr\u00e9s Manuel no tiene derecho a fallar"},"content":{"rendered":"<p><!--\np.p1 {margin: 0.0px 0.0px 0.0px 0.0px; text-align: justify; line-height: 10.0px; font: 52.0px Whitman}\np.p2 {margin: 0.0px 0.0px 0.0px 0.0px; text-align: justify; line-height: 10.0px; font: 10.0px Whitman}\np.p3 {margin: 0.0px 0.0px 0.0px 0.0px; text-align: justify; text-indent: 6.0px; line-height: 10.0px; font: 10.0px Whitman}\np.p4 {margin: 0.0px 0.0px 0.0px 0.0px; text-align: justify; text-indent: 6.0px; line-height: 10.0px; font: 10.0px Whitman; min-height: 12.0px}\np.p5 {margin: 0.0px 0.0px 0.0px 0.0px; text-align: justify; text-indent: 6.0px; line-height: 10.0px; font: 10.0px Amplitude}\nspan.s1 {letter-spacing: -0.2px}\nspan.s2 {letter-spacing: -0.1px}\n-->Jos\u00e9 Mart\u00ednez<\/p>\n<p>\u00bf Y si Andr\u00e9s Manuel L\u00f3pez Obrador le falla a M\u00e9xico? \u00bfQu\u00e9 pasar\u00eda entonces con el pa\u00eds y con los miles de mexicanos que creen en \u00e9l?<\/p>\n<p>Los gobiernos del PRI y PAN en conjunto no pudieron hacer nada para lograr el desarrollo que se necesita, al contrario, existe m\u00e1s pobreza e inseguridad, y por esa raz\u00f3n, hay un pueblo casi en\u00a0su totalidad que le exige al Presidente que no puede fallar.<\/p>\n<p>En el discurso, L\u00f3pez Obrador dio a entender que de una vez por todas enterrar\u00e1 al neoliberalismo. De acuerdo a lo expuesto, el mandatario afirm\u00f3 que no le interesa nada de lo material ni la parafernalia\u00a0del poder, tal vez sea una buena base para iniciar o en su caso una esperanza de saber que no robar\u00e1.<\/p>\n<p>Obrador prometi\u00f3 convertir la honestidad y fraternidad en forma de vida y gobierno, pero el tema no es de un individuo sino de su conjunto.<\/p>\n<p>Existe una cabeza de grupo, pero detr\u00e1s hay otras personas que tampoco le deben fallar a M\u00e9xico, y muy atr\u00e1s, ciudadanos que igual no se deben fallar.<\/p>\n<p>Algunos comentan que es cuesti\u00f3n de la educaci\u00f3n, no tanto de la ideolog\u00eda lo que puede ayudar a quienes acompa\u00f1ar\u00e1n al Ejecutivo.<\/p>\n<p>Hay miles de razones para ser part\u00edcipes de cambiar la historia, solo es cuesti\u00f3n de que se decidan, y hagan ese acompa\u00f1amiento con honestidad, producto de no caer en la corrupci\u00f3n.<\/p>\n<p>Dicen que un pol\u00edtico como AMLO nace cada mil\u00a0\u00a0o dos mil a\u00f1os. Son especies \u00fanicas, las cuales tienen en su vestidura el camino de la honorabilidad. Tantos a\u00f1os en competencia para tratar de llegar al poder, y lo curioso es que en ese andar, nunca se le acus\u00f3 de robar o mentir.<\/p>\n<p>Como una bandera, el tabasque\u00f1o se ha envuelto en esa tesis, lo que al final le dio como resultado obtener m\u00e1s de 30 mil votos a favor para ganar la contienda el primero de julio.<\/p>\n<p>Por supuesto que el l\u00edder de Morena no puede fallar y no tiene derecho a hacer, despu\u00e9s de 42 a\u00f1os de lucha, cuyos inicios los hizo desde las comunidades chontales hombro a hombro, sin cansancio\u00a0y ahora no puede decaer.<\/p>\n<p>Comentan que es precisamente esos puntos finos (su historia), la que deber\u00edan repasar una y otra vez quienes estar\u00e1n en este sexenio. Conocer de d\u00f3nde viene este personaje pol\u00edtico, cu\u00e1les son\u00a0sus ideales, de qu\u00e9 forma sobrevivi\u00f3 a tanto golpeteo.<\/p>\n<p>Estudiar sus protestas, marchas, desvelos, \u00e9xodos, las exigencias para que se le hiciera justicia a los que menos tienen, a los vulnerables, y que a la fecha estuvieron en su discurso luego de\u00a0la toma de protesta.<\/p>\n<p>Entonces, \u00bfqui\u00e9nes fallar\u00e1n?, porque sus enemigos -quienes lo han bautizado como un \u201cCaudillo\u201d-, ser\u00edan los primeros en aprovechar tales fallas.<\/p>\n<p>La estrategia apenas comienza, y en la mesa est\u00e1 un PRI y un PRD moviendo algunas piezas, porque ellos igual tienen la esperanza de que alg\u00fan d\u00eda se les perdone, por lo pronto, no hay derecho\u00a0a fallar.<\/p>\n<p>&nbsp;<\/p>\n<p><b>HABERES<\/b><\/p>\n<p>EL alcalde de Centro, Evaristo Hern\u00e1ndez, se queja de que los ambulantes alrededor del mercado Pino Su\u00e1rez se han multiplicado. Es un problema social de a\u00f1os, y ahora es momento de plantear una\u00a0soluci\u00f3n.<\/p>\n","protected":false},"excerpt":{"rendered":"<p>Jos\u00e9 Mart\u00ednez \u00bf Y si Andr\u00e9s Manuel L\u00f3pez Obrador le falla a M\u00e9xico? \u00bfQu\u00e9 pasar\u00eda entonces con el pa\u00eds y con los miles de mexicanos que creen en \u00e9l? Los gobiernos del PRI y PAN en conjunto no pudieron hacer nada para lograr el desarrollo que se necesita, al contrario, existe m\u00e1s pobreza e inseguridad, [&hellip;]<\/p>\n","protected":false},"author":2,"featured_media":366374,"comment_status":"closed","ping_status":"closed","sticky":false,"template":"","format":"standard","meta":{"footnotes":""},"categories":[39],"tags":[],"class_list":["post-366474","post","type-post","status-publish","format-standard","has-post-thumbnail","hentry","category-corte-de-caja"],"_links":{"self":[{"href":"https:\/\/diarioavancetabasco.com\/index.php?rest_route=\/wp\/v2\/posts\/366474","targetHints":{"allow":["GET"]}}],"collection":[{"href":"https:\/\/diarioavancetabasco.com\/index.php?rest_route=\/wp\/v2\/posts"}],"about":[{"href":"https:\/\/diarioavancetabasco.com\/index.php?rest_route=\/wp\/v2\/types\/post"}],"author":[{"embeddable":true,"href":"https:\/\/diarioavancetabasco.com\/index.php?rest_route=\/wp\/v2\/users\/2"}],"replies":[{"embeddable":true,"href":"https:\/\/diarioavancetabasco.com\/index.php?rest_route=%2Fwp%2Fv2%2Fcomments&post=366474"}],"version-history":[{"count":4,"href":"https:\/\/diarioavancetabasco.com\/index.php?rest_route=\/wp\/v2\/posts\/366474\/revisions"}],"predecessor-version":[{"id":366544,"href":"https:\/\/diarioavancetabasco.com\/index.php?rest_route=\/wp\/v2\/posts\/366474\/revisions\/366544"}],"wp:featuredmedia":[{"embeddable":true,"href":"https:\/\/diarioavancetabasco.com\/index.php?rest_route=\/wp\/v2\/media\/366374"}],"wp:attachment":[{"href":"https:\/\/diarioavancetabasco.com\/index.php?rest_route=%2Fwp%2Fv2%2Fmedia&parent=366474"}],"wp:term":[{"taxonomy":"category","embeddable":true,"href":"https:\/\/diarioavancetabasco.com\/index.php?rest_route=%2Fwp%2Fv2%2Fcategories&post=366474"},{"taxonomy":"post_tag","embeddable":true,"href":"https:\/\/diarioavancetabasco.com\/index.php?rest_route=%2Fwp%2Fv2%2Ftags&post=366474"}],"curies":[{"name":"wp","href":"https:\/\/api.w.org\/{rel}","templated":true}]}}