{"id":366500,"date":"2018-12-04T00:44:37","date_gmt":"2018-12-04T06:44:37","guid":{"rendered":"http:\/\/diarioavancetabasco.com\/?p=366500"},"modified":"2018-12-04T00:44:41","modified_gmt":"2018-12-04T06:44:41","slug":"felicita-trump-a-amlo-por-tremenda-victoria-politica","status":"publish","type":"post","link":"https:\/\/diarioavancetabasco.com\/?p=366500","title":{"rendered":"Felicita Trump a AMLO por  \u201ctremenda victoria pol\u00edtica\u201d"},"content":{"rendered":"<p><!--\np.p1 {margin: 0.0px 0.0px 0.0px 0.0px; text-align: justify; line-height: 10.0px; font: 10.0px Whitman}\np.p2 {margin: 0.0px 0.0px 0.0px 0.0px; text-align: justify; text-indent: 6.0px; line-height: 10.0px; font: 10.0px Whitman}\n-->El mandatario de Estados Unidos, Donald Trump, felicit\u00f3 a Andr\u00e9s Manuel L\u00f3pez Obrador por su \u201ctremenda victoria pol\u00edtica\u201d, a dos d\u00edas de que el tabasque\u00f1o tom\u00f3 protesta como presidente de M\u00e9xico.<\/p>\n<p>A trav\u00e9s de Twitter, el presidente estadounidense, asegur\u00f3 que ambos \u201ctrabajar\u00e1n bien juntos por muchos a\u00f1os por venir\u201d.<\/p>\n<p>\u201cFelicitaciones al reci\u00e9n inaugurado Presidente mexicano @lopezobrador_. Tuvo una tremenda victoria pol\u00edtica con el gran apoyo del pueblo mexicano. \u00a1Trabajaremos bien juntos por muchos a\u00f1os por venir!\u201d, indic\u00f3 en la red social.<\/p>\n<p>Trump no acudi\u00f3 a la toma de protesta del mandatario mexicano debido a que se encontraba en la Cumbre del G-20 en Argentina. En su lugar acudieron Ivanka Trump y Mike Pence, vicepresidente estadounidense.<\/p>\n","protected":false},"excerpt":{"rendered":"<p>El mandatario de Estados Unidos, Donald Trump, felicit\u00f3 a Andr\u00e9s Manuel L\u00f3pez Obrador por su \u201ctremenda victoria pol\u00edtica\u201d, a dos d\u00edas de que el tabasque\u00f1o tom\u00f3 protesta como presidente de M\u00e9xico. A trav\u00e9s de Twitter, el presidente estadounidense, asegur\u00f3 que ambos \u201ctrabajar\u00e1n bien juntos por muchos a\u00f1os por venir\u201d. \u201cFelicitaciones al reci\u00e9n inaugurado Presidente mexicano [&hellip;]<\/p>\n","protected":false},"author":2,"featured_media":366488,"comment_status":"closed","ping_status":"closed","sticky":false,"template":"","format":"standard","meta":{"footnotes":""},"categories":[3],"tags":[],"class_list":["post-366500","post","type-post","status-publish","format-standard","has-post-thumbnail","hentry","category-nacional"],"_links":{"self":[{"href":"https:\/\/diarioavancetabasco.com\/index.php?rest_route=\/wp\/v2\/posts\/366500","targetHints":{"allow":["GET"]}}],"collection":[{"href":"https:\/\/diarioavancetabasco.com\/index.php?rest_route=\/wp\/v2\/posts"}],"about":[{"href":"https:\/\/diarioavancetabasco.com\/index.php?rest_route=\/wp\/v2\/types\/post"}],"author":[{"embeddable":true,"href":"https:\/\/diarioavancetabasco.com\/index.php?rest_route=\/wp\/v2\/users\/2"}],"replies":[{"embeddable":true,"href":"https:\/\/diarioavancetabasco.com\/index.php?rest_route=%2Fwp%2Fv2%2Fcomments&post=366500"}],"version-history":[{"count":2,"href":"https:\/\/diarioavancetabasco.com\/index.php?rest_route=\/wp\/v2\/posts\/366500\/revisions"}],"predecessor-version":[{"id":366550,"href":"https:\/\/diarioavancetabasco.com\/index.php?rest_route=\/wp\/v2\/posts\/366500\/revisions\/366550"}],"wp:featuredmedia":[{"embeddable":true,"href":"https:\/\/diarioavancetabasco.com\/index.php?rest_route=\/wp\/v2\/media\/366488"}],"wp:attachment":[{"href":"https:\/\/diarioavancetabasco.com\/index.php?rest_route=%2Fwp%2Fv2%2Fmedia&parent=366500"}],"wp:term":[{"taxonomy":"category","embeddable":true,"href":"https:\/\/diarioavancetabasco.com\/index.php?rest_route=%2Fwp%2Fv2%2Fcategories&post=366500"},{"taxonomy":"post_tag","embeddable":true,"href":"https:\/\/diarioavancetabasco.com\/index.php?rest_route=%2Fwp%2Fv2%2Ftags&post=366500"}],"curies":[{"name":"wp","href":"https:\/\/api.w.org\/{rel}","templated":true}]}}