{"id":366510,"date":"2018-12-04T00:49:59","date_gmt":"2018-12-04T06:49:59","guid":{"rendered":"http:\/\/diarioavancetabasco.com\/?p=366510"},"modified":"2018-12-04T00:50:01","modified_gmt":"2018-12-04T06:50:01","slug":"afinan-los-detalles-para-toma-de-protesta-de-adan-augusto-lopez","status":"publish","type":"post","link":"https:\/\/diarioavancetabasco.com\/?p=366510","title":{"rendered":"Afinan los detalles para toma de protesta de Ad\u00e1n Augusto L\u00f3pez"},"content":{"rendered":"<p><!--\np.p1 {margin: 0.0px 0.0px 0.0px 0.0px; text-align: justify; text-indent: 6.0px; line-height: 10.0px; font: 10.0px Whitman}\nspan.s1 {letter-spacing: -0.2px}\n-->A menos de un mes de la toma de protesta como gobernador del estado de Tabasco,\u00a0 Ad\u00e1n Augusto L\u00f3pez Hern\u00e1ndez, personal del Ej\u00e9rcito Mexicano y del equipo del a\u00fan mandatario electo, recorrieron el Lobby y sal\u00f3n del Pleno para realizar trabajos previos de log\u00edstica.<\/p>\n<p>Al respecto, Luis Guillermo P\u00e9rez, encargado de Log\u00edstica, indic\u00f3 que la intenci\u00f3n es admitir 561 asistencia hacia el interior del recinto legislativo.<\/p>\n<p>De la misma manera, dijo que hacia fuera de la C\u00e1mara de Diputados se tiene contemplado instalar dos pancartas, pantallas panor\u00e1micas, entre otras cosas.<\/p>\n<p>Adem\u00e1s en la Plaza de Armas se colocar\u00e1n dos carpas con capacidad de mil personas cada una, y se instalar\u00e1n pantallas afuera y al interior del Congreso.<\/p>\n<p>Indic\u00f3 que la seguridad correr\u00e1 a cargo de la Secretar\u00eda de Seguridad P\u00fablica y a\u00fan no se determina el cierre de calles.<\/p>\n<p>Confirm\u00f3 la presencia del Presidente Andr\u00e9s Manuel L\u00f3pez Obrador\u00a0y que solo se emitir\u00e1 un discurso al interior del Congreso.<\/p>\n<p>Refiri\u00f3 que a\u00fan se afinan detalles del evento que se desarrollar\u00e1 a las 12 del d\u00eda del 31 de diciembre.<\/p>\n","protected":false},"excerpt":{"rendered":"<p>A menos de un mes de la toma de protesta como gobernador del estado de Tabasco,\u00a0 Ad\u00e1n Augusto L\u00f3pez Hern\u00e1ndez, personal del Ej\u00e9rcito Mexicano y del equipo del a\u00fan mandatario electo, recorrieron el Lobby y sal\u00f3n del Pleno para realizar trabajos previos de log\u00edstica. Al respecto, Luis Guillermo P\u00e9rez, encargado de Log\u00edstica, indic\u00f3 que la [&hellip;]<\/p>\n","protected":false},"author":2,"featured_media":366484,"comment_status":"closed","ping_status":"closed","sticky":false,"template":"","format":"standard","meta":{"footnotes":""},"categories":[9],"tags":[],"class_list":["post-366510","post","type-post","status-publish","format-standard","has-post-thumbnail","hentry","category-politica"],"_links":{"self":[{"href":"https:\/\/diarioavancetabasco.com\/index.php?rest_route=\/wp\/v2\/posts\/366510","targetHints":{"allow":["GET"]}}],"collection":[{"href":"https:\/\/diarioavancetabasco.com\/index.php?rest_route=\/wp\/v2\/posts"}],"about":[{"href":"https:\/\/diarioavancetabasco.com\/index.php?rest_route=\/wp\/v2\/types\/post"}],"author":[{"embeddable":true,"href":"https:\/\/diarioavancetabasco.com\/index.php?rest_route=\/wp\/v2\/users\/2"}],"replies":[{"embeddable":true,"href":"https:\/\/diarioavancetabasco.com\/index.php?rest_route=%2Fwp%2Fv2%2Fcomments&post=366510"}],"version-history":[{"count":2,"href":"https:\/\/diarioavancetabasco.com\/index.php?rest_route=\/wp\/v2\/posts\/366510\/revisions"}],"predecessor-version":[{"id":366554,"href":"https:\/\/diarioavancetabasco.com\/index.php?rest_route=\/wp\/v2\/posts\/366510\/revisions\/366554"}],"wp:featuredmedia":[{"embeddable":true,"href":"https:\/\/diarioavancetabasco.com\/index.php?rest_route=\/wp\/v2\/media\/366484"}],"wp:attachment":[{"href":"https:\/\/diarioavancetabasco.com\/index.php?rest_route=%2Fwp%2Fv2%2Fmedia&parent=366510"}],"wp:term":[{"taxonomy":"category","embeddable":true,"href":"https:\/\/diarioavancetabasco.com\/index.php?rest_route=%2Fwp%2Fv2%2Fcategories&post=366510"},{"taxonomy":"post_tag","embeddable":true,"href":"https:\/\/diarioavancetabasco.com\/index.php?rest_route=%2Fwp%2Fv2%2Ftags&post=366510"}],"curies":[{"name":"wp","href":"https:\/\/api.w.org\/{rel}","templated":true}]}}