{"id":366518,"date":"2018-12-04T00:53:12","date_gmt":"2018-12-04T06:53:12","guid":{"rendered":"http:\/\/diarioavancetabasco.com\/?p=366518"},"modified":"2018-12-04T00:53:12","modified_gmt":"2018-12-04T06:53:12","slug":"en-recital-benefico","status":"publish","type":"post","link":"https:\/\/diarioavancetabasco.com\/?p=366518","title":{"rendered":"En recital ben\u00e9fico"},"content":{"rendered":"<p><!--\np.p1 {margin: 0.0px 0.0px 0.0px 0.0px; text-align: justify; line-height: 10.0px; font: 52.0px Whitman}\np.p2 {margin: 0.0px 0.0px 0.0px 0.0px; text-align: justify; line-height: 10.0px; font: 10.0px Whitman}\np.p3 {margin: 0.0px 0.0px 0.0px 0.0px; text-align: justify; text-indent: 6.0px; line-height: 10.0px; font: 10.0px Whitman}\nspan.s1 {letter-spacing: -0.4px}\n-->El pr\u00f3ximo 3 de marzo, el tenor Pl\u00e1cido Domingo ofrecer\u00e1 un recital en el Estadio Tres de Marzo, denominado \u201cPl\u00e1cido en el alma. Un concierto para la historia\u201d. En dicho espect\u00e1culo, Alejandro Fern\u00e1ndez ser\u00e1 el anfitri\u00f3n de la velada.<\/p>\n<p>Aproximadamente en 10 d\u00edas se estar\u00e1 avisando de la venta de boletos y los costos. Lo recaudado del magno concierto se destinar\u00e1 a los proyectos sociales de la Fundaci\u00f3n Real Madrid en zonas marginadas de Am\u00e9rica Latina, incluido M\u00e9xico.<\/p>\n<p>\u201cQuiero agradecer al gran artista tapat\u00edo Alejandro Fern\u00e1ndez, el anfitri\u00f3n de este concierto. Este es un espect\u00e1culo para una causa extraordinaria que es la educaci\u00f3n para la juventud\u201d.<\/p>\n<p>\u201cEl ni\u00f1o que puede practicar el deporte y la m\u00fasica, est\u00e1 salvado, porque entran a un mundo que los tiene entretenidos, divertidos y les llega al alma\u201d, dijo Pl\u00e1cido Domingo en rueda de prensa a la cual tambi\u00e9n asistieron Alejandro Fern\u00e1ndez; el director ejecutivo de la Fundaci\u00f3n Universidad de Guadalajara, Omar Avil\u00e9s y el vicepresidente de la Fundaci\u00f3n Real Madrid, Enrique S\u00e1nchez.<\/p>\n<p>Pl\u00e1cido Domingo y Alejandro Fern\u00e1ndez recordaron que desde hace dos d\u00e9cadas se conocen.<\/p>\n","protected":false},"excerpt":{"rendered":"<p>El pr\u00f3ximo 3 de marzo, el tenor Pl\u00e1cido Domingo ofrecer\u00e1 un recital en el Estadio Tres de Marzo, denominado \u201cPl\u00e1cido en el alma. Un concierto para la historia\u201d. En dicho espect\u00e1culo, Alejandro Fern\u00e1ndez ser\u00e1 el anfitri\u00f3n de la velada. Aproximadamente en 10 d\u00edas se estar\u00e1 avisando de la venta de boletos y los costos. Lo [&hellip;]<\/p>\n","protected":false},"author":2,"featured_media":366482,"comment_status":"closed","ping_status":"closed","sticky":false,"template":"","format":"standard","meta":{"footnotes":""},"categories":[11],"tags":[],"class_list":["post-366518","post","type-post","status-publish","format-standard","has-post-thumbnail","hentry","category-espectaculos"],"_links":{"self":[{"href":"https:\/\/diarioavancetabasco.com\/index.php?rest_route=\/wp\/v2\/posts\/366518","targetHints":{"allow":["GET"]}}],"collection":[{"href":"https:\/\/diarioavancetabasco.com\/index.php?rest_route=\/wp\/v2\/posts"}],"about":[{"href":"https:\/\/diarioavancetabasco.com\/index.php?rest_route=\/wp\/v2\/types\/post"}],"author":[{"embeddable":true,"href":"https:\/\/diarioavancetabasco.com\/index.php?rest_route=\/wp\/v2\/users\/2"}],"replies":[{"embeddable":true,"href":"https:\/\/diarioavancetabasco.com\/index.php?rest_route=%2Fwp%2Fv2%2Fcomments&post=366518"}],"version-history":[{"count":2,"href":"https:\/\/diarioavancetabasco.com\/index.php?rest_route=\/wp\/v2\/posts\/366518\/revisions"}],"predecessor-version":[{"id":366558,"href":"https:\/\/diarioavancetabasco.com\/index.php?rest_route=\/wp\/v2\/posts\/366518\/revisions\/366558"}],"wp:featuredmedia":[{"embeddable":true,"href":"https:\/\/diarioavancetabasco.com\/index.php?rest_route=\/wp\/v2\/media\/366482"}],"wp:attachment":[{"href":"https:\/\/diarioavancetabasco.com\/index.php?rest_route=%2Fwp%2Fv2%2Fmedia&parent=366518"}],"wp:term":[{"taxonomy":"category","embeddable":true,"href":"https:\/\/diarioavancetabasco.com\/index.php?rest_route=%2Fwp%2Fv2%2Fcategories&post=366518"},{"taxonomy":"post_tag","embeddable":true,"href":"https:\/\/diarioavancetabasco.com\/index.php?rest_route=%2Fwp%2Fv2%2Ftags&post=366518"}],"curies":[{"name":"wp","href":"https:\/\/api.w.org\/{rel}","templated":true}]}}