{"id":366520,"date":"2018-12-04T00:54:52","date_gmt":"2018-12-04T06:54:52","guid":{"rendered":"http:\/\/diarioavancetabasco.com\/?p=366520"},"modified":"2018-12-04T00:54:57","modified_gmt":"2018-12-04T06:54:57","slug":"luis-miguel-fuera-de-vina-del-mar","status":"publish","type":"post","link":"https:\/\/diarioavancetabasco.com\/?p=366520","title":{"rendered":"Luis Miguel fuera de Vi\u00f1a del Mar"},"content":{"rendered":"<p><!--\np.p1 {margin: 0.0px 0.0px 0.0px 0.0px; text-align: justify; line-height: 10.0px; font: 10.0px Whitman}\np.p2 {margin: 0.0px 0.0px 0.0px 0.0px; text-align: justify; text-indent: 6.0px; line-height: 10.0px; font: 10.0px Whitman}\nspan.s1 {letter-spacing: -0.2px}\n-->Los organizadores del Festival Internacional de la Canci\u00f3n de Vi\u00f1a del Mar fracasaron en su intenci\u00f3n de contratar al cantante mexicano Luis Miguel, inform\u00f3 la edici\u00f3n digital del diario El Mercurio.<\/p>\n<p>Seg\u00fan el peri\u00f3dico, \u2018\u2019aunque efectivamente existi\u00f3 un acuerdo entre las partes\u2019\u2019 para contar con el \u2018\u2019Sol de M\u00e9xico\u2019\u2019 en febrero pr\u00f3ximo, su \u2018\u2019irregular presente musical\u2019\u2019 incidi\u00f3 en la decisi\u00f3n de dejarlo fuera de la pr\u00f3xima versi\u00f3n del certamen.<\/p>\n<p>Adem\u00e1s, Luis Miguel coloc\u00f3 \u2018\u2019trabas\u2019\u2019 para la televisaci\u00f3n de su espect\u00e1culo, el cual estaba considerado para abrir la edici\u00f3n 60 del Festival, el 24 de febrero pr\u00f3ximo, lo que tambi\u00e9n habr\u00eda pesado en la decisi\u00f3n de los productores.<\/p>\n<p>La fuente coment\u00f3 que los productores realizaron \u2018\u2019todos los esfuerzos\u2019\u2019 para contar con el mexicano, pero pes\u00f3 en su contra la suspensi\u00f3n de algunos conciertos y el incumplimiento de los horarios establecidos en sus m\u00e1s recientes recitales.<\/p>\n","protected":false},"excerpt":{"rendered":"<p>Los organizadores del Festival Internacional de la Canci\u00f3n de Vi\u00f1a del Mar fracasaron en su intenci\u00f3n de contratar al cantante mexicano Luis Miguel, inform\u00f3 la edici\u00f3n digital del diario El Mercurio. Seg\u00fan el peri\u00f3dico, \u2018\u2019aunque efectivamente existi\u00f3 un acuerdo entre las partes\u2019\u2019 para contar con el \u2018\u2019Sol de M\u00e9xico\u2019\u2019 en febrero pr\u00f3ximo, su \u2018\u2019irregular presente [&hellip;]<\/p>\n","protected":false},"author":2,"featured_media":366492,"comment_status":"closed","ping_status":"closed","sticky":false,"template":"","format":"standard","meta":{"footnotes":""},"categories":[11],"tags":[],"class_list":["post-366520","post","type-post","status-publish","format-standard","has-post-thumbnail","hentry","category-espectaculos"],"_links":{"self":[{"href":"https:\/\/diarioavancetabasco.com\/index.php?rest_route=\/wp\/v2\/posts\/366520","targetHints":{"allow":["GET"]}}],"collection":[{"href":"https:\/\/diarioavancetabasco.com\/index.php?rest_route=\/wp\/v2\/posts"}],"about":[{"href":"https:\/\/diarioavancetabasco.com\/index.php?rest_route=\/wp\/v2\/types\/post"}],"author":[{"embeddable":true,"href":"https:\/\/diarioavancetabasco.com\/index.php?rest_route=\/wp\/v2\/users\/2"}],"replies":[{"embeddable":true,"href":"https:\/\/diarioavancetabasco.com\/index.php?rest_route=%2Fwp%2Fv2%2Fcomments&post=366520"}],"version-history":[{"count":2,"href":"https:\/\/diarioavancetabasco.com\/index.php?rest_route=\/wp\/v2\/posts\/366520\/revisions"}],"predecessor-version":[{"id":366559,"href":"https:\/\/diarioavancetabasco.com\/index.php?rest_route=\/wp\/v2\/posts\/366520\/revisions\/366559"}],"wp:featuredmedia":[{"embeddable":true,"href":"https:\/\/diarioavancetabasco.com\/index.php?rest_route=\/wp\/v2\/media\/366492"}],"wp:attachment":[{"href":"https:\/\/diarioavancetabasco.com\/index.php?rest_route=%2Fwp%2Fv2%2Fmedia&parent=366520"}],"wp:term":[{"taxonomy":"category","embeddable":true,"href":"https:\/\/diarioavancetabasco.com\/index.php?rest_route=%2Fwp%2Fv2%2Fcategories&post=366520"},{"taxonomy":"post_tag","embeddable":true,"href":"https:\/\/diarioavancetabasco.com\/index.php?rest_route=%2Fwp%2Fv2%2Ftags&post=366520"}],"curies":[{"name":"wp","href":"https:\/\/api.w.org\/{rel}","templated":true}]}}