{"id":366522,"date":"2018-12-04T00:55:28","date_gmt":"2018-12-04T06:55:28","guid":{"rendered":"http:\/\/diarioavancetabasco.com\/?p=366522"},"modified":"2018-12-04T00:55:28","modified_gmt":"2018-12-04T06:55:28","slug":"exhortan-a-combatir-la-trata-de-personas","status":"publish","type":"post","link":"https:\/\/diarioavancetabasco.com\/?p=366522","title":{"rendered":"Exhortan a combatir  la trata de personas"},"content":{"rendered":"<p><!--\np.p1 {margin: 0.0px 0.0px 0.0px 0.0px; text-align: justify; line-height: 10.0px; font: 52.0px Whitman}\np.p2 {margin: 0.0px 0.0px 0.0px 0.0px; text-align: justify; line-height: 10.0px; font: 10.0px Whitman}\np.p3 {margin: 0.0px 0.0px 0.0px 0.0px; text-align: justify; text-indent: 6.0px; line-height: 10.0px; font: 10.0px Whitman}\nspan.s1 {letter-spacing: -0.1px}\n-->El Gobernador Arturo N\u00fa\u00f1ez Jim\u00e9nez hizo un exhorto a todos los funcionarios p\u00fablicos federales, estatales y municipales para que desde el \u00e1mbito de sus responsabilidades hagan lo que les corresponde para combatir la trata de personas y que los migrantes que transitan por nuestro pa\u00eds tengan la garant\u00eda de que se respetar\u00e1n sus derechos humanos.<\/p>\n<p>Durante la firma del convenio marco de coordinaci\u00f3n para la realizaci\u00f3n de acciones tendientes a la asistencia y protecci\u00f3n de los derechos de los migrantes entre el Gobierno del Estado y el Instituto Nacional de Migraci\u00f3n (INM), record\u00f3 que el Art\u00edculo 1 de nuestra Constituci\u00f3n establece que se reconocer\u00e1n los derechos humanos de todos los mexicanos, y tambi\u00e9n de los extranjeros que se encuentran en el pa\u00eds.<\/p>\n<p>En la tambi\u00e9n ceremonia de reinstalaci\u00f3n del Comit\u00e9 Interinstitucional en Materia de Trata de Personas, N\u00fa\u00f1ez Jim\u00e9nez destac\u00f3 la importancia que los integrantes de los Grupos Beta del INM ofrecen a los migrantes centroamericanos en su camino por nuestro pa\u00eds a los Estados Unidos, y en su protecci\u00f3n y defensa de sus derechos humanos, as\u00ed como en su orientaci\u00f3n, rescate y primeros auxilios.<\/p>\n<p>En este contexto, resalt\u00f3 que el Presidente de la Rep\u00fablica, Andr\u00e9s Manuel L\u00f3pez Obrador, ha establecido que al fen\u00f3meno migratorio hay que contenerlo en sus sitios de origen, creando mejores oportunidades de vida para los pobladores, a efecto de que migrar no sea una necesidad, sino una opci\u00f3n.<\/p>\n<p>\u201cHa convocado a los gobiernos de Canad\u00e1 y Estados Unidos para que tambi\u00e9n emprendan acciones conjuntas con M\u00e9xico para impulsar el desarrollo de los pa\u00edses centroamericanos, y detener la migraci\u00f3n de la mejor forma, creando opciones alternas en sus lugares de origen y no aventurarse a encontrar muros que lo impidan\u201d, subray\u00f3.<\/p>\n<p>El mandatario consider\u00f3 que en la m\u00e1s de las veces los migrantes no encuentran el sue\u00f1o americano, sino la pesadilla de la violaci\u00f3n de sus derechos humanos o enfrentan el terrible delito de trata de personas. Por eso, asever\u00f3, la importancia que tiene este comit\u00e9 interinstitucional que hoy se reinstala, para evitar que sucedan estas situaciones.<\/p>\n","protected":false},"excerpt":{"rendered":"<p>El Gobernador Arturo N\u00fa\u00f1ez Jim\u00e9nez hizo un exhorto a todos los funcionarios p\u00fablicos federales, estatales y municipales para que desde el \u00e1mbito de sus responsabilidades hagan lo que les corresponde para combatir la trata de personas y que los migrantes que transitan por nuestro pa\u00eds tengan la garant\u00eda de que se respetar\u00e1n sus derechos humanos. [&hellip;]<\/p>\n","protected":false},"author":2,"featured_media":366486,"comment_status":"closed","ping_status":"closed","sticky":false,"template":"","format":"standard","meta":{"footnotes":""},"categories":[19],"tags":[],"class_list":["post-366522","post","type-post","status-publish","format-standard","has-post-thumbnail","hentry","category-de-ultima-hora"],"_links":{"self":[{"href":"https:\/\/diarioavancetabasco.com\/index.php?rest_route=\/wp\/v2\/posts\/366522","targetHints":{"allow":["GET"]}}],"collection":[{"href":"https:\/\/diarioavancetabasco.com\/index.php?rest_route=\/wp\/v2\/posts"}],"about":[{"href":"https:\/\/diarioavancetabasco.com\/index.php?rest_route=\/wp\/v2\/types\/post"}],"author":[{"embeddable":true,"href":"https:\/\/diarioavancetabasco.com\/index.php?rest_route=\/wp\/v2\/users\/2"}],"replies":[{"embeddable":true,"href":"https:\/\/diarioavancetabasco.com\/index.php?rest_route=%2Fwp%2Fv2%2Fcomments&post=366522"}],"version-history":[{"count":2,"href":"https:\/\/diarioavancetabasco.com\/index.php?rest_route=\/wp\/v2\/posts\/366522\/revisions"}],"predecessor-version":[{"id":366560,"href":"https:\/\/diarioavancetabasco.com\/index.php?rest_route=\/wp\/v2\/posts\/366522\/revisions\/366560"}],"wp:featuredmedia":[{"embeddable":true,"href":"https:\/\/diarioavancetabasco.com\/index.php?rest_route=\/wp\/v2\/media\/366486"}],"wp:attachment":[{"href":"https:\/\/diarioavancetabasco.com\/index.php?rest_route=%2Fwp%2Fv2%2Fmedia&parent=366522"}],"wp:term":[{"taxonomy":"category","embeddable":true,"href":"https:\/\/diarioavancetabasco.com\/index.php?rest_route=%2Fwp%2Fv2%2Fcategories&post=366522"},{"taxonomy":"post_tag","embeddable":true,"href":"https:\/\/diarioavancetabasco.com\/index.php?rest_route=%2Fwp%2Fv2%2Ftags&post=366522"}],"curies":[{"name":"wp","href":"https:\/\/api.w.org\/{rel}","templated":true}]}}