{"id":366524,"date":"2018-12-04T00:56:17","date_gmt":"2018-12-04T06:56:17","guid":{"rendered":"http:\/\/diarioavancetabasco.com\/?p=366524"},"modified":"2018-12-04T00:56:18","modified_gmt":"2018-12-04T06:56:18","slug":"recibira-tratamiento-psicologico-el-menor-que-asesino-a-su-padre","status":"publish","type":"post","link":"https:\/\/diarioavancetabasco.com\/?p=366524","title":{"rendered":"Recibir\u00e1 tratamiento psicol\u00f3gico el menor que asesin\u00f3 a su padre"},"content":{"rendered":"<p><!--\np.p1 {margin: 0.0px 0.0px 0.0px 0.0px; text-align: justify; line-height: 10.0px; font: 10.0px Whitman}\np.p2 {margin: 0.0px 0.0px 0.0px 0.0px; text-align: justify; text-indent: 6.0px; line-height: 10.0px; font: 10.0px Whitman}\nspan.s1 {letter-spacing: -0.3px}\n-->Tras los hechos ocurridos el pasado fin de semana, en d\u00f3nde un menor asesinara a su padre tras estar cansado de que \u00e9ste le propinara severas golpizas a su madre en el municipio de Para\u00edso, la Vice Fiscal, Aureola Rodr\u00edguez Cupil, inform\u00f3 que no se puede ejercer acci\u00f3n penal en contra del menor porque por su corta edad no\u00a0 puede responder por sus actos.<\/p>\n<p>La Vice Fiscal de Investigaci\u00f3n dijo que el menor de nombre \u201cAlan\u201d es inimputable.<\/p>\n<p>\u201cTan solo por su corta edad de 10 a\u00f1os es inimputable, es un ni\u00f1o que no responde por sus actos jur\u00eddicamente\u201d.<\/p>\n<p>Rodr\u00edguez Cupil\u00a0 dijo que tanto el menor, como su madre, que tambi\u00e9n es v\u00edctima de violencia intrafamiliar, deber\u00e1n recibir tratamiento psicol\u00f3gico.<\/p>\n","protected":false},"excerpt":{"rendered":"<p>Tras los hechos ocurridos el pasado fin de semana, en d\u00f3nde un menor asesinara a su padre tras estar cansado de que \u00e9ste le propinara severas golpizas a su madre en el municipio de Para\u00edso, la Vice Fiscal, Aureola Rodr\u00edguez Cupil, inform\u00f3 que no se puede ejercer acci\u00f3n penal en contra del menor porque por [&hellip;]<\/p>\n","protected":false},"author":2,"featured_media":366483,"comment_status":"closed","ping_status":"closed","sticky":false,"template":"","format":"standard","meta":{"footnotes":""},"categories":[19],"tags":[],"class_list":["post-366524","post","type-post","status-publish","format-standard","has-post-thumbnail","hentry","category-de-ultima-hora"],"_links":{"self":[{"href":"https:\/\/diarioavancetabasco.com\/index.php?rest_route=\/wp\/v2\/posts\/366524","targetHints":{"allow":["GET"]}}],"collection":[{"href":"https:\/\/diarioavancetabasco.com\/index.php?rest_route=\/wp\/v2\/posts"}],"about":[{"href":"https:\/\/diarioavancetabasco.com\/index.php?rest_route=\/wp\/v2\/types\/post"}],"author":[{"embeddable":true,"href":"https:\/\/diarioavancetabasco.com\/index.php?rest_route=\/wp\/v2\/users\/2"}],"replies":[{"embeddable":true,"href":"https:\/\/diarioavancetabasco.com\/index.php?rest_route=%2Fwp%2Fv2%2Fcomments&post=366524"}],"version-history":[{"count":2,"href":"https:\/\/diarioavancetabasco.com\/index.php?rest_route=\/wp\/v2\/posts\/366524\/revisions"}],"predecessor-version":[{"id":366561,"href":"https:\/\/diarioavancetabasco.com\/index.php?rest_route=\/wp\/v2\/posts\/366524\/revisions\/366561"}],"wp:featuredmedia":[{"embeddable":true,"href":"https:\/\/diarioavancetabasco.com\/index.php?rest_route=\/wp\/v2\/media\/366483"}],"wp:attachment":[{"href":"https:\/\/diarioavancetabasco.com\/index.php?rest_route=%2Fwp%2Fv2%2Fmedia&parent=366524"}],"wp:term":[{"taxonomy":"category","embeddable":true,"href":"https:\/\/diarioavancetabasco.com\/index.php?rest_route=%2Fwp%2Fv2%2Fcategories&post=366524"},{"taxonomy":"post_tag","embeddable":true,"href":"https:\/\/diarioavancetabasco.com\/index.php?rest_route=%2Fwp%2Fv2%2Ftags&post=366524"}],"curies":[{"name":"wp","href":"https:\/\/api.w.org\/{rel}","templated":true}]}}