{"id":366668,"date":"2018-12-06T00:07:43","date_gmt":"2018-12-06T06:07:43","guid":{"rendered":"http:\/\/diarioavancetabasco.com\/?p=366668"},"modified":"2018-12-06T00:07:47","modified_gmt":"2018-12-06T06:07:47","slug":"mas-recursos-para-estados-y-municipios","status":"publish","type":"post","link":"https:\/\/diarioavancetabasco.com\/?p=366668","title":{"rendered":"M\u00e1s recursos para Estados y municipios"},"content":{"rendered":"<p><!--\np.p1 {margin: 0.0px 0.0px 0.0px 0.0px; text-align: justify; line-height: 10.0px; font: 52.0px Whitman}\np.p2 {margin: 0.0px 0.0px 0.0px 0.0px; text-align: justify; line-height: 10.0px; font: 10.0px Whitman}\np.p3 {margin: 0.0px 0.0px 0.0px 0.0px; text-align: justify; text-indent: 6.0px; line-height: 10.0px; font: 10.0px Whitman}\nspan.s1 {letter-spacing: -0.2px}\n-->En el Presupuesto de Egresos de la Federaci\u00f3n 2019 habr\u00e1 un incremento de 10% en las participaciones federales para los Estados, dijo el presidente Andr\u00e9s Manuel L\u00f3pez Obrador a los integrantes de la Conferencia Nacional de Gobernadores, en su reuni\u00f3n de ayer en Palacio Nacional.<\/p>\n<p>El titular del Ejecutivo asegur\u00f3 que en su encuentro con los mandatarios estatales se les inform\u00f3 que se van a hacer las trasferencias de recursos federales y que hay un estimado de incremento de las participaciones federales de 10% nominal y del 7% real; \u201co sea, van a recibir m\u00e1s recursos estados y municipios\u201d, dijo L\u00f3pez<\/p>\n<p>El presidente L\u00f3pez Obrador se\u00f1al\u00f3 que en el tema de los \u201cs\u00faperdelegados\u201d hab\u00eda malos entendidos con los gobernadores.<\/p>\n<p>\u201cSe pensaba que los coordinadores regionales iban a ser Secretarios T\u00e9cnicos. Yo les aclar\u00e9 que es la Guardia Nacional, en proceso de creaci\u00f3n, la encargada de atender todas las coordinaciones de seguridad p\u00fablica en el pa\u00eds. Eso se los aclare\u201d, dijo.<\/p>\n","protected":false},"excerpt":{"rendered":"<p>En el Presupuesto de Egresos de la Federaci\u00f3n 2019 habr\u00e1 un incremento de 10% en las participaciones federales para los Estados, dijo el presidente Andr\u00e9s Manuel L\u00f3pez Obrador a los integrantes de la Conferencia Nacional de Gobernadores, en su reuni\u00f3n de ayer en Palacio Nacional. El titular del Ejecutivo asegur\u00f3 que en su encuentro con [&hellip;]<\/p>\n","protected":false},"author":2,"featured_media":366653,"comment_status":"closed","ping_status":"closed","sticky":false,"template":"","format":"standard","meta":{"footnotes":""},"categories":[3],"tags":[],"class_list":["post-366668","post","type-post","status-publish","format-standard","has-post-thumbnail","hentry","category-nacional"],"_links":{"self":[{"href":"https:\/\/diarioavancetabasco.com\/index.php?rest_route=\/wp\/v2\/posts\/366668","targetHints":{"allow":["GET"]}}],"collection":[{"href":"https:\/\/diarioavancetabasco.com\/index.php?rest_route=\/wp\/v2\/posts"}],"about":[{"href":"https:\/\/diarioavancetabasco.com\/index.php?rest_route=\/wp\/v2\/types\/post"}],"author":[{"embeddable":true,"href":"https:\/\/diarioavancetabasco.com\/index.php?rest_route=\/wp\/v2\/users\/2"}],"replies":[{"embeddable":true,"href":"https:\/\/diarioavancetabasco.com\/index.php?rest_route=%2Fwp%2Fv2%2Fcomments&post=366668"}],"version-history":[{"count":2,"href":"https:\/\/diarioavancetabasco.com\/index.php?rest_route=\/wp\/v2\/posts\/366668\/revisions"}],"predecessor-version":[{"id":366708,"href":"https:\/\/diarioavancetabasco.com\/index.php?rest_route=\/wp\/v2\/posts\/366668\/revisions\/366708"}],"wp:featuredmedia":[{"embeddable":true,"href":"https:\/\/diarioavancetabasco.com\/index.php?rest_route=\/wp\/v2\/media\/366653"}],"wp:attachment":[{"href":"https:\/\/diarioavancetabasco.com\/index.php?rest_route=%2Fwp%2Fv2%2Fmedia&parent=366668"}],"wp:term":[{"taxonomy":"category","embeddable":true,"href":"https:\/\/diarioavancetabasco.com\/index.php?rest_route=%2Fwp%2Fv2%2Fcategories&post=366668"},{"taxonomy":"post_tag","embeddable":true,"href":"https:\/\/diarioavancetabasco.com\/index.php?rest_route=%2Fwp%2Fv2%2Ftags&post=366668"}],"curies":[{"name":"wp","href":"https:\/\/api.w.org\/{rel}","templated":true}]}}