{"id":366756,"date":"2018-12-07T00:31:09","date_gmt":"2018-12-07T06:31:09","guid":{"rendered":"http:\/\/diarioavancetabasco.com\/?p=366756"},"modified":"2018-12-07T00:31:09","modified_gmt":"2018-12-07T06:31:09","slug":"fin-de-semana-historico-para-tabasco-con-la-refineria","status":"publish","type":"post","link":"https:\/\/diarioavancetabasco.com\/?p=366756","title":{"rendered":"Fin de semana hist\u00f3rico para Tabasco con la refiner\u00eda\u00a0"},"content":{"rendered":"<p><!--\np.p1 {margin: 0.0px 0.0px 0.0px 0.0px; text-align: justify; line-height: 10.0px; font: 52.0px Whitman}\np.p2 {margin: 0.0px 0.0px 0.0px 0.0px; text-align: justify; line-height: 10.0px; font: 10.0px Whitman}\np.p3 {margin: 0.0px 0.0px 0.0px 0.0px; text-align: justify; text-indent: 6.0px; line-height: 10.0px; font: 10.0px Whitman}\np.p4 {margin: 0.0px 0.0px 0.0px 0.0px; text-align: justify; text-indent: 6.0px; line-height: 10.0px; font: 10.0px Whitman; min-height: 12.0px}\np.p5 {margin: 0.0px 0.0px 0.0px 0.0px; text-align: justify; line-height: 10.0px; font: 10.0px Amplitude}\nspan.s1 {letter-spacing: -0.1px}\nspan.s2 {font: 10.0px Whitman; letter-spacing: -0.1px}\n-->Jos\u00e9 Mart\u00ednez<\/p>\n<p>Andr\u00e9s Manuel L\u00f3pez Obrador, en su calidad de Presidente de la rep\u00fablica, tendr\u00e1 su primera visita a Tabasco el nueve de este mes para colocar la primera piedra del proyecto de la refiner\u00eda.<\/p>\n<p>El otro evento que tendr\u00e1 lugar en el puerto a la altura de Dos Bocas ser\u00e1 la presentaci\u00f3n del Plan Nacional de Refinaci\u00f3n.<\/p>\n<p>Son parte de los compromisos que se hizo con su tierra y su agua, as\u00ed como con el resto de pa\u00eds para terminar con la dependencia energ\u00e9tica de M\u00e9xico con el exterior donde se ha llegado a comprar crudo al vecino del norte que por excelencia se le vend\u00eda el hidrocarburo que se estar\u00eda de nuestro suelo.<\/p>\n<p>La propuesta de AMLO para terminar con esa dependencia pasa por tres aspectos b\u00e1sicos. La primera es rehabilitar las seis refiner\u00edas existentes en nuestro pa\u00eds que fueron abandonas en las administraciones pasadas para poder justificar su desmantelamiento y la entrada del sector privado aprovechando los espacios abiertos por la reforma energ\u00e9tica.<\/p>\n<p>A excepci\u00f3n de la refiner\u00eda de Salamanca, las dem\u00e1s no llegan a la capacidad de producci\u00f3n que tienen instalada. Tan solo en la administraci\u00f3n que termin\u00f3 hace unos d\u00edas se dejaron de refinar cerca de medio mill\u00f3n de barriles diarios.<\/p>\n<p>Las refiner\u00edas en M\u00e9xico produc\u00edan cada vez menos para que se permitiera la importaci\u00f3n del combustible principalmente de los Estados Unidos.<\/p>\n<p>De la refiner\u00eda de Pemex en los Estados Unidos, la Deer Park, es poco lo que sabemos sobre su funcionamiento y producci\u00f3n.<\/p>\n<p>La segunda vertiente del plan de reactivaci\u00f3n energ\u00e9tica en la actual administraci\u00f3n es la intensificaci\u00f3n de las actividades de exploraci\u00f3n y explotaci\u00f3n petrolera. Reactivar los pozos que por alguna raz\u00f3n fueron abandonados y volverlos a hacer producir, a la vez que se buscan nuevos yacimientos en tierra y mar que incrementen el n\u00famero de barriles diarios extra\u00eddos para su refinaci\u00f3n.<\/p>\n<p>La tercera acci\u00f3n del plan es la construcci\u00f3n de la nueva refiner\u00eda en el municipio de Para\u00edso. Misma que se espera est\u00e9 lista en el a\u00f1o 2021. En ese momento el precio de la gasolina al consumidor bajar\u00eda, es un compromiso del Presidente.<\/p>\n<p>Estas acciones se coordinar\u00e1n de forma conjunta entre una empresa petrolera mexicana en manos de Octavio Romero Oropeza y la SENER, que recay\u00f3 en Roc\u00edo Nahle, misma que ha trabajado de forma cercana con el Congreso de la Uni\u00f3n para la disponibilidad de los recursos necesarios que se requieren para implementar el plan de reactivaci\u00f3n energ\u00e9tica.<\/p>\n<p>Es de esperarse una nueva relaci\u00f3n petr\u00f3leo- estado de Tabasco m\u00e1s armonioso y apegada a Derecho, donde la renta petrolera se refleje en las comunidades que extraen el hidrocarburo con las afectaciones m\u00ednimas de una industria de mala reputaci\u00f3n, ganada a pulso en la entidad.<\/p>\n<p>Los impactos de estas acciones pronto se reflejar\u00e1n en todo el pa\u00eds, y no solo para el beneficio de las generaciones actuales, sino de las que vendr\u00e1n. Para Tabasco es un momento \u00fanico, irrepetible, por eso aqu\u00ed tampoco hay derecho a fallar.<\/p>\n<p>&nbsp;<\/p>\n<p><b>HABERES<\/b><\/p>\n<p>La Comisi\u00f3n Federal de Electricidad deber\u00e1 entender de una vez por todas que hay nuevo gobierno, y por lo tanto las reglas cambiaron. No se vale que sigan hostigando a los usuarios, sobre todo con llamadas por la madrugada cuando no existe adeudo. Debe recordase que aun cuando la CFE sea una Empresa Productiva del Estado tiene que responder, y con m\u00e1s raz\u00f3n, a los lineamientos de L\u00f3pez Obrador: los servidores p\u00fablicos son empleados de la poblaci\u00f3n, no los patrones.<\/p>\n","protected":false},"excerpt":{"rendered":"<p>Jos\u00e9 Mart\u00ednez Andr\u00e9s Manuel L\u00f3pez Obrador, en su calidad de Presidente de la rep\u00fablica, tendr\u00e1 su primera visita a Tabasco el nueve de este mes para colocar la primera piedra del proyecto de la refiner\u00eda. El otro evento que tendr\u00e1 lugar en el puerto a la altura de Dos Bocas ser\u00e1 la presentaci\u00f3n del Plan [&hellip;]<\/p>\n","protected":false},"author":2,"featured_media":366645,"comment_status":"closed","ping_status":"closed","sticky":false,"template":"","format":"standard","meta":{"footnotes":""},"categories":[9],"tags":[],"class_list":["post-366756","post","type-post","status-publish","format-standard","has-post-thumbnail","hentry","category-politica"],"_links":{"self":[{"href":"https:\/\/diarioavancetabasco.com\/index.php?rest_route=\/wp\/v2\/posts\/366756","targetHints":{"allow":["GET"]}}],"collection":[{"href":"https:\/\/diarioavancetabasco.com\/index.php?rest_route=\/wp\/v2\/posts"}],"about":[{"href":"https:\/\/diarioavancetabasco.com\/index.php?rest_route=\/wp\/v2\/types\/post"}],"author":[{"embeddable":true,"href":"https:\/\/diarioavancetabasco.com\/index.php?rest_route=\/wp\/v2\/users\/2"}],"replies":[{"embeddable":true,"href":"https:\/\/diarioavancetabasco.com\/index.php?rest_route=%2Fwp%2Fv2%2Fcomments&post=366756"}],"version-history":[{"count":2,"href":"https:\/\/diarioavancetabasco.com\/index.php?rest_route=\/wp\/v2\/posts\/366756\/revisions"}],"predecessor-version":[{"id":366798,"href":"https:\/\/diarioavancetabasco.com\/index.php?rest_route=\/wp\/v2\/posts\/366756\/revisions\/366798"}],"wp:featuredmedia":[{"embeddable":true,"href":"https:\/\/diarioavancetabasco.com\/index.php?rest_route=\/wp\/v2\/media\/366645"}],"wp:attachment":[{"href":"https:\/\/diarioavancetabasco.com\/index.php?rest_route=%2Fwp%2Fv2%2Fmedia&parent=366756"}],"wp:term":[{"taxonomy":"category","embeddable":true,"href":"https:\/\/diarioavancetabasco.com\/index.php?rest_route=%2Fwp%2Fv2%2Fcategories&post=366756"},{"taxonomy":"post_tag","embeddable":true,"href":"https:\/\/diarioavancetabasco.com\/index.php?rest_route=%2Fwp%2Fv2%2Ftags&post=366756"}],"curies":[{"name":"wp","href":"https:\/\/api.w.org\/{rel}","templated":true}]}}