{"id":366758,"date":"2018-12-07T00:32:42","date_gmt":"2018-12-07T06:32:42","guid":{"rendered":"http:\/\/diarioavancetabasco.com\/?p=366758"},"modified":"2018-12-07T00:32:44","modified_gmt":"2018-12-07T06:32:44","slug":"descuento-masivo-a-manifestantes","status":"publish","type":"post","link":"https:\/\/diarioavancetabasco.com\/?p=366758","title":{"rendered":"Descuento masivo a manifestantes"},"content":{"rendered":"<p><!--\np.p1 {margin: 0.0px 0.0px 0.0px 0.0px; text-align: justify; line-height: 10.0px; font: 52.0px Whitman}\np.p2 {margin: 0.0px 0.0px 0.0px 0.0px; text-align: justify; line-height: 10.0px; font: 10.0px Whitman}\np.p3 {margin: 0.0px 0.0px 0.0px 0.0px; text-align: justify; text-indent: 6.0px; line-height: 10.0px; font: 10.0px Whitman}\nspan.s1 {letter-spacing: -0.2px}\n-->La Secretar\u00eda de Educaci\u00f3n en el Estado, en rueda de prensa, amenaz\u00f3 con descuentos masivos a docentes que se han manifestado en diferentes puntos de la ciudad este jueves, y que vienen suspendiendo actividades desde este martes.<\/p>\n<p>Yves de Dios Acosta, encargado de la coordinaci\u00f3n de Educaci\u00f3n Primaria, sostuvo que no se les debe nada a los inconforme, pues las quincenas han sido pagadas a tiempo.<\/p>\n<p>\u201cSe van a revisar a trav\u00e9s de la direcci\u00f3n de Administraci\u00f3n, seguramente los supervisores y los jefes de sector est\u00e1n tomando cuenta de aquellas escuelas que no est\u00e1n laborando de manera normal. \u00bfHay represi\u00f3n, porque los l\u00edderes sindicales dijeron que no se descontar\u00eda?, esa informaci\u00f3n no s\u00e9 de d\u00f3nde venga pues el descuento se tiene que aplicar a cualquier trabajador que no acuda a su trabajo, no tenemos motivo para no estar laborando de manera normal y cumplir con el calendario escolar\u201d.<\/p>\n<p>Asever\u00f3 que est\u00e1n laborando al 80 por ciento de las m\u00e1s de cuatro mil escuelas de educaci\u00f3n b\u00e1sica; pese al llamado que han hecho los l\u00edderes sindicales.<\/p>\n<p>En su comunicado, expuso que el C-37 se pagar\u00e1 a los docentes de telesecundaria y b\u00e1sica hasta el siete de diciembre, a como supuestamente se acord\u00f3 con los l\u00edderes sindicales, sin embargo al solicitarle la minuta firmada por ambas partes, dijo no contar con ella.<\/p>\n","protected":false},"excerpt":{"rendered":"<p>La Secretar\u00eda de Educaci\u00f3n en el Estado, en rueda de prensa, amenaz\u00f3 con descuentos masivos a docentes que se han manifestado en diferentes puntos de la ciudad este jueves, y que vienen suspendiendo actividades desde este martes. Yves de Dios Acosta, encargado de la coordinaci\u00f3n de Educaci\u00f3n Primaria, sostuvo que no se les debe nada [&hellip;]<\/p>\n","protected":false},"author":2,"featured_media":366739,"comment_status":"closed","ping_status":"closed","sticky":false,"template":"","format":"standard","meta":{"footnotes":""},"categories":[9],"tags":[],"class_list":["post-366758","post","type-post","status-publish","format-standard","has-post-thumbnail","hentry","category-politica"],"_links":{"self":[{"href":"https:\/\/diarioavancetabasco.com\/index.php?rest_route=\/wp\/v2\/posts\/366758","targetHints":{"allow":["GET"]}}],"collection":[{"href":"https:\/\/diarioavancetabasco.com\/index.php?rest_route=\/wp\/v2\/posts"}],"about":[{"href":"https:\/\/diarioavancetabasco.com\/index.php?rest_route=\/wp\/v2\/types\/post"}],"author":[{"embeddable":true,"href":"https:\/\/diarioavancetabasco.com\/index.php?rest_route=\/wp\/v2\/users\/2"}],"replies":[{"embeddable":true,"href":"https:\/\/diarioavancetabasco.com\/index.php?rest_route=%2Fwp%2Fv2%2Fcomments&post=366758"}],"version-history":[{"count":2,"href":"https:\/\/diarioavancetabasco.com\/index.php?rest_route=\/wp\/v2\/posts\/366758\/revisions"}],"predecessor-version":[{"id":366799,"href":"https:\/\/diarioavancetabasco.com\/index.php?rest_route=\/wp\/v2\/posts\/366758\/revisions\/366799"}],"wp:featuredmedia":[{"embeddable":true,"href":"https:\/\/diarioavancetabasco.com\/index.php?rest_route=\/wp\/v2\/media\/366739"}],"wp:attachment":[{"href":"https:\/\/diarioavancetabasco.com\/index.php?rest_route=%2Fwp%2Fv2%2Fmedia&parent=366758"}],"wp:term":[{"taxonomy":"category","embeddable":true,"href":"https:\/\/diarioavancetabasco.com\/index.php?rest_route=%2Fwp%2Fv2%2Fcategories&post=366758"},{"taxonomy":"post_tag","embeddable":true,"href":"https:\/\/diarioavancetabasco.com\/index.php?rest_route=%2Fwp%2Fv2%2Ftags&post=366758"}],"curies":[{"name":"wp","href":"https:\/\/api.w.org\/{rel}","templated":true}]}}