{"id":366768,"date":"2018-12-07T00:37:09","date_gmt":"2018-12-07T06:37:09","guid":{"rendered":"http:\/\/diarioavancetabasco.com\/?p=366768"},"modified":"2018-12-07T00:37:10","modified_gmt":"2018-12-07T06:37:10","slug":"danna-es-copiona","status":"publish","type":"post","link":"https:\/\/diarioavancetabasco.com\/?p=366768","title":{"rendered":"Danna es copiona"},"content":{"rendered":"<p><!--\np.p1 {margin: 0.0px 0.0px 0.0px 0.0px; text-align: justify; line-height: 10.0px; font: 52.0px Whitman}\np.p2 {margin: 0.0px 0.0px 0.0px 0.0px; text-align: justify; line-height: 10.0px; font: 10.0px Whitman}\np.p3 {margin: 0.0px 0.0px 0.0px 0.0px; text-align: justify; text-indent: 6.0px; line-height: 10.0px; font: 10.0px Whitman}\nspan.s1 {letter-spacing: -0.2px}\n-->Hace unos d\u00edas Danna Paola recurri\u00f3 a su Instagram para publicar una foto en la que claramente se le ven pecas en el rostro. La imagen, que estaba acompa\u00f1ada por la frase \u201cPienso en tu mir\u00e1\u201d en seguida gener\u00f3 pol\u00e9mica, pues varios seguidores aseguraron que le estaba copiando \u00a1a Belinda!<\/p>\n<p>Comentarios como \u201cNo tiene pecas, se las puso nada m\u00e1s por copiarle a Belinda\u201d, \u201cCon todo respeto hermosa, te quieres parecer mucho a y esto no est\u00e1 bien. Hay que ser originales. T\u00fa eres mona as\u00ed como eres, no pretendas ser Belinda\u201d o \u201cLe quiso copiar las pecas y las cejas a Belinda\u201d llenaron el timeline de comentarios de la actriz de la serie \u00c9lite.<\/p>\n<p>Por supuesto, tambi\u00e9n estuvieron las frases de los defensores de Danna Paola, quienes aseguraron: \u201cCada una tiene su propio estilo, son diferentes perfiles y ambas son bonitas. Qu\u00e9 hay de malo si son reales las pecas o si las cejas son iguales o no. A las dos les va s\u00faper bien. Nada es exclusivo\u201d. Y unos m\u00e1s aseguraron que ahora es tendencia pintarse pecas.<\/p>\n<p>La pol\u00e9mica entre Danna Paola y Belinda trascendi\u00f3 mucho m\u00e1s all\u00e1 de las redes y lleg\u00f3 a los o\u00eddos (y ojos) de la int\u00e9rprete de \u201cEgo\u00edsta\u201d, quien ya se pronunci\u00f3 al respecto: \u201cBueno no pasa nada, no la critiquen, se le ven bonitas\u201d, asegur\u00f3 Belinda v\u00eda Twitter.<\/p>\n<p>\u00bfY qu\u00e9 hizo Danna Paola al respecto? Agradeci\u00f3 el comentario de Belinda tambi\u00e9n v\u00eda redes. \u201cJajajaja ay qu\u00e9 linda. Besos, querida\u201d, le respondi\u00f3.<\/p>\n","protected":false},"excerpt":{"rendered":"<p>Hace unos d\u00edas Danna Paola recurri\u00f3 a su Instagram para publicar una foto en la que claramente se le ven pecas en el rostro. La imagen, que estaba acompa\u00f1ada por la frase \u201cPienso en tu mir\u00e1\u201d en seguida gener\u00f3 pol\u00e9mica, pues varios seguidores aseguraron que le estaba copiando \u00a1a Belinda! Comentarios como \u201cNo tiene pecas, [&hellip;]<\/p>\n","protected":false},"author":2,"featured_media":366744,"comment_status":"closed","ping_status":"closed","sticky":false,"template":"","format":"standard","meta":{"footnotes":""},"categories":[11],"tags":[],"class_list":["post-366768","post","type-post","status-publish","format-standard","has-post-thumbnail","hentry","category-espectaculos"],"_links":{"self":[{"href":"https:\/\/diarioavancetabasco.com\/index.php?rest_route=\/wp\/v2\/posts\/366768","targetHints":{"allow":["GET"]}}],"collection":[{"href":"https:\/\/diarioavancetabasco.com\/index.php?rest_route=\/wp\/v2\/posts"}],"about":[{"href":"https:\/\/diarioavancetabasco.com\/index.php?rest_route=\/wp\/v2\/types\/post"}],"author":[{"embeddable":true,"href":"https:\/\/diarioavancetabasco.com\/index.php?rest_route=\/wp\/v2\/users\/2"}],"replies":[{"embeddable":true,"href":"https:\/\/diarioavancetabasco.com\/index.php?rest_route=%2Fwp%2Fv2%2Fcomments&post=366768"}],"version-history":[{"count":2,"href":"https:\/\/diarioavancetabasco.com\/index.php?rest_route=\/wp\/v2\/posts\/366768\/revisions"}],"predecessor-version":[{"id":366805,"href":"https:\/\/diarioavancetabasco.com\/index.php?rest_route=\/wp\/v2\/posts\/366768\/revisions\/366805"}],"wp:featuredmedia":[{"embeddable":true,"href":"https:\/\/diarioavancetabasco.com\/index.php?rest_route=\/wp\/v2\/media\/366744"}],"wp:attachment":[{"href":"https:\/\/diarioavancetabasco.com\/index.php?rest_route=%2Fwp%2Fv2%2Fmedia&parent=366768"}],"wp:term":[{"taxonomy":"category","embeddable":true,"href":"https:\/\/diarioavancetabasco.com\/index.php?rest_route=%2Fwp%2Fv2%2Fcategories&post=366768"},{"taxonomy":"post_tag","embeddable":true,"href":"https:\/\/diarioavancetabasco.com\/index.php?rest_route=%2Fwp%2Fv2%2Ftags&post=366768"}],"curies":[{"name":"wp","href":"https:\/\/api.w.org\/{rel}","templated":true}]}}