{"id":366893,"date":"2018-12-09T20:46:06","date_gmt":"2018-12-10T02:46:06","guid":{"rendered":"http:\/\/diarioavancetabasco.com\/?p=366893"},"modified":"2018-12-09T20:46:06","modified_gmt":"2018-12-10T02:46:06","slug":"macron-convoca-a-atajar-la-crisis","status":"publish","type":"post","link":"https:\/\/diarioavancetabasco.com\/?p=366893","title":{"rendered":"Macron convoca  a atajar la crisis"},"content":{"rendered":"<style type=\"text\/css\"><!--\np.p1 {margin: 0.0px 0.0px 0.0px 0.0px; text-align: justify; line-height: 10.0px; font: 52.0px Whitman}\np.p2 {margin: 0.0px 0.0px 0.0px 0.0px; text-align: justify; line-height: 10.0px; font: 10.0px Whitman}\np.p3 {margin: 0.0px 0.0px 0.0px 0.0px; text-align: justify; text-indent: 6.0px; line-height: 10.0px; font: 10.0px Whitman}\nspan.s1 {letter-spacing: -0.4px}\n--><\/style>\n<p>El\u00a0presidente franc\u00e9s, Emmanuel Macron,\u00a0convoc\u00f3\u00a0ma\u00f1ana a los\u00a0sindicatos\u00a0y a la\u00a0patronal\u00a0para\u00a0consultarlos\u00a0y, sobre todo,\u00a0presentarleslas\u00a0medidas\u00a0con las que pretende abordar la\u00a0crisis\u00a0de los\u00a0\u2018chalecos amarillos\u2019, la\u00a0m\u00e1s grave\u00a0en los\u00a0diecinueve meses\u00a0de su\u00a0mandato.<\/p>\n<p>Seg\u00fan la emisora France Info, a la\u00a0cita, fijada para las\u00a010.00 hora local\u00a0(09.00 GMT), tambi\u00e9n est\u00e1 previsto que acudan los\u00a0presidentes de la Asamblea Nacional\u00a0y del\u00a0Senado, as\u00ed como\u00a0responsables de asociaciones de municipios y regiones.<\/p>\n<p>El encuentro preceder\u00e1 a una esperada intervenci\u00f3n p\u00fablica de Macron, varios miembros de su Gobierno dijeron hoy que ser\u00e1 al comienzo de la semana, pero no quisieron precisar la fecha exacta.<\/p>\n<p>El jefe del Estado ha guardado silencio durante toda esta semana, desde que el domingo volvi\u00f3 de la cumbre pasado del G20 en Buenos Aires, y ha dejado que sea su primer ministro, \u00c9douard Philippe, quien afronte en primera l\u00ednea la gesti\u00f3n de las protestas de los \u2018chalecos amarillos\u2019.<\/p>\n<p>Philippe recibi\u00f3 a una delegaci\u00f3n de una facci\u00f3n considerada moderada de ese movimiento, mientras la ministra francesa de Trabajo, Muriel P\u00e9nicaud, se reuni\u00f3 con la patronal y los sindicatos, salvo la Confederaci\u00f3n General del Trabajo (CGT, la segunda central del pa\u00eds, que la boicote\u00f3.<\/p>\n","protected":false},"excerpt":{"rendered":"<p>El\u00a0presidente franc\u00e9s, Emmanuel Macron,\u00a0convoc\u00f3\u00a0ma\u00f1ana a los\u00a0sindicatos\u00a0y a la\u00a0patronal\u00a0para\u00a0consultarlos\u00a0y, sobre todo,\u00a0presentarleslas\u00a0medidas\u00a0con las que pretende abordar la\u00a0crisis\u00a0de los\u00a0\u2018chalecos amarillos\u2019, la\u00a0m\u00e1s grave\u00a0en los\u00a0diecinueve meses\u00a0de su\u00a0mandato. Seg\u00fan la emisora France Info, a la\u00a0cita, fijada para las\u00a010.00 hora local\u00a0(09.00 GMT), tambi\u00e9n est\u00e1 previsto que acudan los\u00a0presidentes de la Asamblea Nacional\u00a0y del\u00a0Senado, as\u00ed como\u00a0responsables de asociaciones de municipios y regiones. El [&hellip;]<\/p>\n","protected":false},"author":2,"featured_media":366898,"comment_status":"closed","ping_status":"closed","sticky":false,"template":"","format":"standard","meta":{"footnotes":""},"categories":[4],"tags":[],"class_list":["post-366893","post","type-post","status-publish","format-standard","has-post-thumbnail","hentry","category-mundo"],"_links":{"self":[{"href":"https:\/\/diarioavancetabasco.com\/index.php?rest_route=\/wp\/v2\/posts\/366893","targetHints":{"allow":["GET"]}}],"collection":[{"href":"https:\/\/diarioavancetabasco.com\/index.php?rest_route=\/wp\/v2\/posts"}],"about":[{"href":"https:\/\/diarioavancetabasco.com\/index.php?rest_route=\/wp\/v2\/types\/post"}],"author":[{"embeddable":true,"href":"https:\/\/diarioavancetabasco.com\/index.php?rest_route=\/wp\/v2\/users\/2"}],"replies":[{"embeddable":true,"href":"https:\/\/diarioavancetabasco.com\/index.php?rest_route=%2Fwp%2Fv2%2Fcomments&post=366893"}],"version-history":[{"count":1,"href":"https:\/\/diarioavancetabasco.com\/index.php?rest_route=\/wp\/v2\/posts\/366893\/revisions"}],"predecessor-version":[{"id":366905,"href":"https:\/\/diarioavancetabasco.com\/index.php?rest_route=\/wp\/v2\/posts\/366893\/revisions\/366905"}],"wp:featuredmedia":[{"embeddable":true,"href":"https:\/\/diarioavancetabasco.com\/index.php?rest_route=\/wp\/v2\/media\/366898"}],"wp:attachment":[{"href":"https:\/\/diarioavancetabasco.com\/index.php?rest_route=%2Fwp%2Fv2%2Fmedia&parent=366893"}],"wp:term":[{"taxonomy":"category","embeddable":true,"href":"https:\/\/diarioavancetabasco.com\/index.php?rest_route=%2Fwp%2Fv2%2Fcategories&post=366893"},{"taxonomy":"post_tag","embeddable":true,"href":"https:\/\/diarioavancetabasco.com\/index.php?rest_route=%2Fwp%2Fv2%2Ftags&post=366893"}],"curies":[{"name":"wp","href":"https:\/\/api.w.org\/{rel}","templated":true}]}}