{"id":367087,"date":"2018-12-12T00:38:17","date_gmt":"2018-12-12T06:38:17","guid":{"rendered":"http:\/\/diarioavancetabasco.com\/?p=367087"},"modified":"2018-12-12T00:38:20","modified_gmt":"2018-12-12T06:38:20","slug":"aumenta-el-robo-de-taxis-en-temporada-navidena","status":"publish","type":"post","link":"https:\/\/diarioavancetabasco.com\/?p=367087","title":{"rendered":"Aumenta el robo de taxis  en temporada navide\u00f1a"},"content":{"rendered":"<p><!--\np.p1 {margin: 0.0px 0.0px 0.0px 0.0px; text-align: justify; text-indent: 6.0px; line-height: 10.0px; font: 10.0px Whitman}\nspan.s1 {letter-spacing: -0.2px}\n-->\u00a0El secretario general de la Uni\u00f3n de Taxis Amarillos de Centro, Luis Vidal Baeza, inform\u00f3 que de una a tres unidades se podr\u00eda incrementar \u00a0el robo de unidades del servicio p\u00fablico en la modalidad de taxis, durante la temporada decembrina.<\/p>\n<p>Por esta raz\u00f3n el l\u00edder taxista, coment\u00f3 que ya \u00a0le fue solicitado a la Secretar\u00eda de Seguridad P\u00fablica (SSP),\u00a0refuerce la vigilancia durante esta \u00e9poca.<\/p>\n<p>Y es que adem\u00e1s del \u00a0robo de unidades, incrementa el n\u00famero de asaltos a choferes y hasta a usuarios del transporte p\u00fablico.<\/p>\n<p>Finalmente coment\u00f3 que son conocidas las colonias en las que existe mayor peligro, as\u00ed como los horarios, sin embargo,\u00a0a los transportistas no les queda m\u00e1s que seguir brindando el servicio.<\/p>\n","protected":false},"excerpt":{"rendered":"<p>\u00a0El secretario general de la Uni\u00f3n de Taxis Amarillos de Centro, Luis Vidal Baeza, inform\u00f3 que de una a tres unidades se podr\u00eda incrementar \u00a0el robo de unidades del servicio p\u00fablico en la modalidad de taxis, durante la temporada decembrina. Por esta raz\u00f3n el l\u00edder taxista, coment\u00f3 que ya \u00a0le fue solicitado a la Secretar\u00eda [&hellip;]<\/p>\n","protected":false},"author":2,"featured_media":367070,"comment_status":"closed","ping_status":"closed","sticky":false,"template":"","format":"standard","meta":{"footnotes":""},"categories":[9],"tags":[],"class_list":["post-367087","post","type-post","status-publish","format-standard","has-post-thumbnail","hentry","category-politica"],"_links":{"self":[{"href":"https:\/\/diarioavancetabasco.com\/index.php?rest_route=\/wp\/v2\/posts\/367087","targetHints":{"allow":["GET"]}}],"collection":[{"href":"https:\/\/diarioavancetabasco.com\/index.php?rest_route=\/wp\/v2\/posts"}],"about":[{"href":"https:\/\/diarioavancetabasco.com\/index.php?rest_route=\/wp\/v2\/types\/post"}],"author":[{"embeddable":true,"href":"https:\/\/diarioavancetabasco.com\/index.php?rest_route=\/wp\/v2\/users\/2"}],"replies":[{"embeddable":true,"href":"https:\/\/diarioavancetabasco.com\/index.php?rest_route=%2Fwp%2Fv2%2Fcomments&post=367087"}],"version-history":[{"count":2,"href":"https:\/\/diarioavancetabasco.com\/index.php?rest_route=\/wp\/v2\/posts\/367087\/revisions"}],"predecessor-version":[{"id":367122,"href":"https:\/\/diarioavancetabasco.com\/index.php?rest_route=\/wp\/v2\/posts\/367087\/revisions\/367122"}],"wp:featuredmedia":[{"embeddable":true,"href":"https:\/\/diarioavancetabasco.com\/index.php?rest_route=\/wp\/v2\/media\/367070"}],"wp:attachment":[{"href":"https:\/\/diarioavancetabasco.com\/index.php?rest_route=%2Fwp%2Fv2%2Fmedia&parent=367087"}],"wp:term":[{"taxonomy":"category","embeddable":true,"href":"https:\/\/diarioavancetabasco.com\/index.php?rest_route=%2Fwp%2Fv2%2Fcategories&post=367087"},{"taxonomy":"post_tag","embeddable":true,"href":"https:\/\/diarioavancetabasco.com\/index.php?rest_route=%2Fwp%2Fv2%2Ftags&post=367087"}],"curies":[{"name":"wp","href":"https:\/\/api.w.org\/{rel}","templated":true}]}}