{"id":367138,"date":"2018-12-13T21:30:34","date_gmt":"2018-12-14T03:30:34","guid":{"rendered":"http:\/\/diarioavancetabasco.com\/?p=367138"},"modified":"2018-12-13T21:30:34","modified_gmt":"2018-12-14T03:30:34","slug":"macron-defiende-sus-propuestas","status":"publish","type":"post","link":"https:\/\/diarioavancetabasco.com\/?p=367138","title":{"rendered":"Macron defiende sus propuestas"},"content":{"rendered":"<style type=\"text\/css\"><!--\np.p1 {margin: 0.0px 0.0px 0.0px 0.0px; text-align: justify; line-height: 10.0px; font: 52.0px Whitman}\np.p2 {margin: 0.0px 0.0px 0.0px 0.0px; text-align: justify; line-height: 10.0px; font: 10.0px Whitman}\np.p3 {margin: 0.0px 0.0px 0.0px 0.0px; text-align: justify; text-indent: 6.0px; line-height: 10.0px; font: 10.0px Whitman}\nspan.s1 {letter-spacing: -0.4px}\n--><\/style>\n<p>El presidente franc\u00e9s, Emmanuel Macron, defendi\u00f3 las medidas que anunci\u00f3 esta semana para acallar las protestas de los \u201cchalecos amarillos\u201d y opin\u00f3 que ning\u00fan pa\u00eds avanza si no responde al descontento de sus ciudadanos.<\/p>\n<p>\u201cNing\u00fan pa\u00eds avanza si no escucha tambi\u00e9n esa parte de c\u00f3lera leg\u00edtima de los pueblos\u201d, dijo Macron a su llegada a la cumbre comunitaria en Bruselas y explic\u00f3 que el descontento es algo que se ha puesto de manifiesto en toda la Uni\u00f3n Europea (UE), con el aumento del voto a los partidos extremistas y el \u201cbrexit\u201d.<\/p>\n<p>\u201cYo nunca llevar\u00e9 el proyecto europeo en el que creo contra aspiraciones que considero leg\u00edtimas. Creo que son reconciliables y eso es lo que estamos haciendo\u201d, a\u00f1adi\u00f3.<\/p>\n<p>Se\u00f1al\u00f3 que las medidas que el Ejecutivo franc\u00e9s tiene previsto aplicar son una respuesta \u201cleg\u00edtima e importante para Francia\u201d y precis\u00f3 que no obstaculizar\u00e1n los esfuerzos presupuestarios, en particular sobre el control del gasto ni las reformas del Estado.<\/p>\n<p>El pasado lunes Macron anunci\u00f3, entre otras iniciativas, la subida de cien euros del salario m\u00ednimo (ahora de mil 498 euros brutos), la congelaci\u00f3n del alza de las cotizaciones para los jubilados con pensiones inferiores a los dos mil euros, la exclusi\u00f3n de tributaci\u00f3n de las horas extra y la petici\u00f3n a las empresas para que paguen a sus empleados una prima especial de fin de a\u00f1o, no sujeta a impuestos.<\/p>\n","protected":false},"excerpt":{"rendered":"<p>El presidente franc\u00e9s, Emmanuel Macron, defendi\u00f3 las medidas que anunci\u00f3 esta semana para acallar las protestas de los \u201cchalecos amarillos\u201d y opin\u00f3 que ning\u00fan pa\u00eds avanza si no responde al descontento de sus ciudadanos. \u201cNing\u00fan pa\u00eds avanza si no escucha tambi\u00e9n esa parte de c\u00f3lera leg\u00edtima de los pueblos\u201d, dijo Macron a su llegada a [&hellip;]<\/p>\n","protected":false},"author":2,"featured_media":367143,"comment_status":"closed","ping_status":"closed","sticky":false,"template":"","format":"standard","meta":{"footnotes":""},"categories":[4],"tags":[],"class_list":["post-367138","post","type-post","status-publish","format-standard","has-post-thumbnail","hentry","category-mundo"],"_links":{"self":[{"href":"https:\/\/diarioavancetabasco.com\/index.php?rest_route=\/wp\/v2\/posts\/367138","targetHints":{"allow":["GET"]}}],"collection":[{"href":"https:\/\/diarioavancetabasco.com\/index.php?rest_route=\/wp\/v2\/posts"}],"about":[{"href":"https:\/\/diarioavancetabasco.com\/index.php?rest_route=\/wp\/v2\/types\/post"}],"author":[{"embeddable":true,"href":"https:\/\/diarioavancetabasco.com\/index.php?rest_route=\/wp\/v2\/users\/2"}],"replies":[{"embeddable":true,"href":"https:\/\/diarioavancetabasco.com\/index.php?rest_route=%2Fwp%2Fv2%2Fcomments&post=367138"}],"version-history":[{"count":1,"href":"https:\/\/diarioavancetabasco.com\/index.php?rest_route=\/wp\/v2\/posts\/367138\/revisions"}],"predecessor-version":[{"id":367154,"href":"https:\/\/diarioavancetabasco.com\/index.php?rest_route=\/wp\/v2\/posts\/367138\/revisions\/367154"}],"wp:featuredmedia":[{"embeddable":true,"href":"https:\/\/diarioavancetabasco.com\/index.php?rest_route=\/wp\/v2\/media\/367143"}],"wp:attachment":[{"href":"https:\/\/diarioavancetabasco.com\/index.php?rest_route=%2Fwp%2Fv2%2Fmedia&parent=367138"}],"wp:term":[{"taxonomy":"category","embeddable":true,"href":"https:\/\/diarioavancetabasco.com\/index.php?rest_route=%2Fwp%2Fv2%2Fcategories&post=367138"},{"taxonomy":"post_tag","embeddable":true,"href":"https:\/\/diarioavancetabasco.com\/index.php?rest_route=%2Fwp%2Fv2%2Ftags&post=367138"}],"curies":[{"name":"wp","href":"https:\/\/api.w.org\/{rel}","templated":true}]}}