{"id":367173,"date":"2018-12-14T00:39:57","date_gmt":"2018-12-14T06:39:57","guid":{"rendered":"http:\/\/diarioavancetabasco.com\/?p=367173"},"modified":"2018-12-14T00:40:05","modified_gmt":"2018-12-14T06:40:05","slug":"reconoce-anj-al-poder-judicial","status":"publish","type":"post","link":"https:\/\/diarioavancetabasco.com\/?p=367173","title":{"rendered":"Reconoce ANJ  al Poder Judicial"},"content":{"rendered":"<p><!--\np.p1 {margin: 0.0px 0.0px 0.0px 0.0px; text-align: justify; line-height: 10.0px; font: 52.0px Whitman}\np.p2 {margin: 0.0px 0.0px 0.0px 0.0px; text-align: justify; line-height: 10.0px; font: 10.0px Whitman}\np.p3 {margin: 0.0px 0.0px 0.0px 0.0px; text-align: justify; text-indent: 6.0px; line-height: 10.0px; font: 10.0px Whitman}\np.p4 {margin: 0.0px 0.0px 0.0px 0.0px; text-align: justify; text-indent: 6.0px; line-height: 10.0px; font: 10.0px Whitman; min-height: 12.0px}\nspan.s1 {letter-spacing: -0.2px}\n-->Al encabezar la ceremonia de clausura del segundo periodo de labores del Tribunal Superior de Justicia (TSJ), el Gobernador Arturo N\u00fa\u00f1ez Jim\u00e9nez brind\u00f3 su reconocimiento personal e institucional al Poder Judicial de Tabasco por haber estado a la altura de los retos de nuestro tiempo.<\/p>\n<p>En la recta final del sexenio, el mandatario dej\u00f3 claro que el Poder Judicial, presidido por el magistrado Jorge Javier Priego Sol\u00eds, supo cumplir su parte en un momento marcado por una alta incidencia delictiva, Y que en paralelo logr\u00f3 afrontar la implementaci\u00f3n del nuevo sistema de justicia penal.<\/p>\n<p>A\u00fan con las adversidades trabaj\u00f3 en lo medular, que fue la capacitaci\u00f3n permanente de su personal, as\u00ed como en la modernizaci\u00f3n de su infraestructura f\u00edsica, la buena gesti\u00f3n administrativa y el manejo eficiente de los recursos, asever\u00f3.<\/p>\n<p>En la sesi\u00f3n conjunta con car\u00e1cter de solemne de los plenos del TSJ y del Consejo de la Judicatura, a cuyo inicio acudi\u00f3 el Gobernador electo Ad\u00e1n Augusto L\u00f3pez Hern\u00e1ndez, el Gobernador N\u00fa\u00f1ez entreg\u00f3 reconocimientos y est\u00edmulos a 1 mil 200 servidores p\u00fablicos con 15, 20, 30 y 40 a\u00f1os de servicio judicial,<\/p>\n<p>Valor\u00f3 el trabajo y dedicaci\u00f3n que caracteriz\u00f3 a esta soberan\u00eda durante los seis a\u00f1os recientes, y afirm\u00f3 que el Poder Judicial despleg\u00f3 un enorme esfuerzo a favor de la capacitaci\u00f3n de sus trabajadores en temas complejos del sistema de justicia adversarial u oral, maternidad subrogada, la nueva generaci\u00f3n de derechos humanos y el control de constitucionalidad.<\/p>\n<p>Ante magistrados, jueces y personal de la instituci\u00f3n, el jefe del Ejecutivo enfatiz\u00f3 que la aplicaci\u00f3n del nuevo sistema de justicia penal requiri\u00f3 un enorme esfuerzo de profesionalizaci\u00f3n, el cual se extendi\u00f3 hacia otros actores y sectores de la sociedad.<\/p>\n<p>&nbsp;<\/p>\n","protected":false},"excerpt":{"rendered":"<p>Al encabezar la ceremonia de clausura del segundo periodo de labores del Tribunal Superior de Justicia (TSJ), el Gobernador Arturo N\u00fa\u00f1ez Jim\u00e9nez brind\u00f3 su reconocimiento personal e institucional al Poder Judicial de Tabasco por haber estado a la altura de los retos de nuestro tiempo. En la recta final del sexenio, el mandatario dej\u00f3 claro [&hellip;]<\/p>\n","protected":false},"author":2,"featured_media":367151,"comment_status":"closed","ping_status":"closed","sticky":false,"template":"","format":"standard","meta":{"footnotes":""},"categories":[19],"tags":[],"class_list":["post-367173","post","type-post","status-publish","format-standard","has-post-thumbnail","hentry","category-de-ultima-hora"],"_links":{"self":[{"href":"https:\/\/diarioavancetabasco.com\/index.php?rest_route=\/wp\/v2\/posts\/367173","targetHints":{"allow":["GET"]}}],"collection":[{"href":"https:\/\/diarioavancetabasco.com\/index.php?rest_route=\/wp\/v2\/posts"}],"about":[{"href":"https:\/\/diarioavancetabasco.com\/index.php?rest_route=\/wp\/v2\/types\/post"}],"author":[{"embeddable":true,"href":"https:\/\/diarioavancetabasco.com\/index.php?rest_route=\/wp\/v2\/users\/2"}],"replies":[{"embeddable":true,"href":"https:\/\/diarioavancetabasco.com\/index.php?rest_route=%2Fwp%2Fv2%2Fcomments&post=367173"}],"version-history":[{"count":2,"href":"https:\/\/diarioavancetabasco.com\/index.php?rest_route=\/wp\/v2\/posts\/367173\/revisions"}],"predecessor-version":[{"id":367213,"href":"https:\/\/diarioavancetabasco.com\/index.php?rest_route=\/wp\/v2\/posts\/367173\/revisions\/367213"}],"wp:featuredmedia":[{"embeddable":true,"href":"https:\/\/diarioavancetabasco.com\/index.php?rest_route=\/wp\/v2\/media\/367151"}],"wp:attachment":[{"href":"https:\/\/diarioavancetabasco.com\/index.php?rest_route=%2Fwp%2Fv2%2Fmedia&parent=367173"}],"wp:term":[{"taxonomy":"category","embeddable":true,"href":"https:\/\/diarioavancetabasco.com\/index.php?rest_route=%2Fwp%2Fv2%2Fcategories&post=367173"},{"taxonomy":"post_tag","embeddable":true,"href":"https:\/\/diarioavancetabasco.com\/index.php?rest_route=%2Fwp%2Fv2%2Ftags&post=367173"}],"curies":[{"name":"wp","href":"https:\/\/api.w.org\/{rel}","templated":true}]}}